{"id":3887,"date":"2026-09-02T16:57:55","date_gmt":"2026-09-02T14:57:55","guid":{"rendered":"https:\/\/www.cultivonslempathie.com\/?p=3887"},"modified":"2026-09-02T17:04:53","modified_gmt":"2026-09-02T15:04:53","slug":"inequalities-and-climate-change","status":"publish","type":"post","link":"https:\/\/www.cultivonslempathie.com\/pt\/inequalities-and-climate-change\/","title":{"rendered":"Desigualdades e altera\u00e7\u00f5es clim\u00e1ticas: O exemplo das pol\u00edticas de transporte"},"content":{"rendered":"<div data-elementor-type=\"wp-post\" data-elementor-id=\"3887\" class=\"elementor elementor-3887\" data-elementor-post-type=\"post\">\n\t\t\t\t\t\t<section class=\"elementor-section elementor-top-section elementor-element elementor-element-55be1855 elementor-section-full_width elementor-section-height-min-height ct-section-stretched elementor-section-height-default elementor-section-items-middle\" data-id=\"55be1855\" data-element_type=\"section\" data-e-type=\"section\" data-settings=\"{&quot;background_background&quot;:&quot;classic&quot;}\">\n\t\t\t\t\t\t<div class=\"elementor-container elementor-column-gap-default\">\n\t\t\t\t\t<div class=\"elementor-column elementor-col-100 elementor-top-column elementor-element elementor-element-1f8073eb\" data-id=\"1f8073eb\" data-element_type=\"column\" data-e-type=\"column\">\n\t\t\t<div class=\"elementor-widget-wrap\">\n\t\t\t\t\t\t\t<\/div>\n\t\t<\/div>\n\t\t\t\t\t<\/div>\n\t\t<\/section>\n\t\t\t\t<section class=\"elementor-section elementor-top-section elementor-element elementor-element-517d83bb elementor-section-boxed elementor-section-height-default elementor-section-height-default\" data-id=\"517d83bb\" data-element_type=\"section\" data-e-type=\"section\">\n\t\t\t\t\t\t<div class=\"elementor-container elementor-column-gap-default\">\n\t\t\t\t\t<div class=\"elementor-column elementor-col-100 elementor-top-column elementor-element elementor-element-18d47091\" data-id=\"18d47091\" data-element_type=\"column\" data-e-type=\"column\">\n\t\t\t<div class=\"elementor-widget-wrap elementor-element-populated\">\n\t\t\t\t\t\t<div class=\"elementor-element elementor-element-3e6f1061 elementor-align-center elementor-widget elementor-widget-button\" data-id=\"3e6f1061\" data-element_type=\"widget\" data-e-type=\"widget\" data-widget_type=\"button.default\">\n\t\t\t\t<div class=\"elementor-widget-container\">\n\t\t\t\t\t\t\t\t\t<div class=\"elementor-button-wrapper\">\n\t\t\t\t\t<a class=\"elementor-button elementor-button-link elementor-size-sm\" href=\"https:\/\/www.cultivonslempathie.com\/pt\/category\/\">\n\t\t\t\t\t\t<span class=\"elementor-button-content-wrapper\">\n\t\t\t\t\t\t\t\t\t<span class=\"elementor-button-text\">Ecologia<\/span>\n\t\t\t\t\t<\/span>\n\t\t\t\t\t<\/a>\n\t\t\t\t<\/div>\n\t\t\t\t\t\t\t\t<\/div>\n\t\t\t\t<\/div>\n\t\t\t\t<section class=\"elementor-section elementor-inner-section elementor-element elementor-element-794b93dc elementor-section-boxed elementor-section-height-default elementor-section-height-default\" data-id=\"794b93dc\" data-element_type=\"section\" data-e-type=\"section\">\n\t\t\t\t\t\t<div class=\"elementor-container elementor-column-gap-default\">\n\t\t\t\t\t<div class=\"elementor-column elementor-col-100 elementor-inner-column elementor-element elementor-element-4cf2729a\" data-id=\"4cf2729a\" data-element_type=\"column\" data-e-type=\"column\">\n\t\t\t<div class=\"elementor-widget-wrap elementor-element-populated\">\n\t\t\t\t\t\t<div class=\"elementor-element elementor-element-6f99db6b elementor-widget elementor-widget-heading\" data-id=\"6f99db6b\" data-element_type=\"widget\" data-e-type=\"widget\" data-widget_type=\"heading.default\">\n\t\t\t\t<div class=\"elementor-widget-container\">\n\t\t\t\t\t<h2 class=\"elementor-heading-title elementor-size-default\">Desigualdades e altera\u00e7\u00f5es clim\u00e1ticas: O exemplo das pol\u00edticas de transporte<\/h2>\t\t\t\t<\/div>\n\t\t\t\t<\/div>\n\t\t\t\t\t<\/div>\n\t\t<\/div>\n\t\t\t\t\t<\/div>\n\t\t<\/section>\n\t\t\t\t<div class=\"elementor-element elementor-element-4d6d001 elementor-align-center elementor-widget elementor-widget-post-info\" data-id=\"4d6d001\" data-element_type=\"widget\" data-e-type=\"widget\" data-widget_type=\"post-info.default\">\n\t\t\t\t<div class=\"elementor-widget-container\">\n\t\t\t\t\t\t\t<ul class=\"elementor-inline-items elementor-icon-list-items elementor-post-info\">\n\t\t\t\t\t\t\t\t<li class=\"elementor-icon-list-item elementor-repeater-item-f6369e0 elementor-inline-item\" itemprop=\"datePublished\">\n\t\t\t\t\t\t<a href=\"https:\/\/www.cultivonslempathie.com\/pt\/2026\/09\/02\/\">\n\t\t\t\t\t\t\t\t\t\t\t<span class=\"elementor-icon-list-icon\">\n\t\t\t\t\t\t\t\t<svg aria-hidden=\"true\" class=\"e-font-icon-svg e-fas-calendar\" viewbox=\"0 0 448 512\" xmlns=\"http:\/\/www.w3.org\/2000\/svg\"><path d=\"M12 192h424c6.6 0 12 5.4 12 12v260c0 26.5-21.5 48-48 48H48c-26.5 0-48-21.5-48-48V204c0-6.6 5.4-12 12-12zm436-44v-36c0-26.5-21.5-48-48-48h-48V12c0-6.6-5.4-12-12-12h-40c-6.6 0-12 5.4-12 12v52H160V12c0-6.6-5.4-12-12-12h-40c-6.6 0-12 5.4-12 12v52H48C21.5 64 0 85.5 0 112v36c0 6.6 5.4 12 12 12h424c6.6 0 12-5.4 12-12z\"><\/path><\/svg>\t\t\t\t\t\t\t<\/span>\n\t\t\t\t\t\t\t\t\t<span class=\"elementor-icon-list-text elementor-post-info__item elementor-post-info__item--type-date\">\n\t\t\t\t\t\t\t\t\t\t<time>Setembro 2, 2026<\/time>\t\t\t\t\t<\/span>\n\t\t\t\t\t\t\t\t\t<\/a>\n\t\t\t\t<\/li>\n\t\t\t\t<\/ul>\n\t\t\t\t\t\t<\/div>\n\t\t\t\t<\/div>\n\t\t\t\t\t<\/div>\n\t\t<\/div>\n\t\t\t\t\t<\/div>\n\t\t<\/section>\n\t\t\t\t<section class=\"elementor-section elementor-top-section elementor-element elementor-element-48af520 elementor-section-boxed elementor-section-height-default elementor-section-height-default\" data-id=\"48af520\" data-element_type=\"section\" data-e-type=\"section\">\n\t\t\t\t\t\t<div class=\"elementor-container elementor-column-gap-default\">\n\t\t\t\t\t<div class=\"elementor-column elementor-col-100 elementor-top-column elementor-element elementor-element-2d99c1a1\" data-id=\"2d99c1a1\" data-element_type=\"column\" data-e-type=\"column\">\n\t\t\t<div class=\"elementor-widget-wrap elementor-element-populated\">\n\t\t\t\t\t\t<div class=\"elementor-element elementor-element-6a1231e4 elementor-widget elementor-widget-text-editor\" data-id=\"6a1231e4\" data-element_type=\"widget\" data-e-type=\"widget\" data-widget_type=\"text-editor.default\">\n\t\t\t\t<div class=\"elementor-widget-container\">\n\t\t\t\t\t\t\t\t\t<p>O quadro internacional dos direitos humanos e o papel das organiza\u00e7\u00f5es internacionais est\u00e3o a ser postos \u00e0 prova, numa situa\u00e7\u00e3o que atingiu o seu ponto culminante com o conflito na Cisjord\u00e2nia, tendo-se recentemente alargado a mais pa\u00edses do M\u00e9dio Oriente. No entanto, embora possamos questionar a equidade e a efic\u00e1cia dessas institui\u00e7\u00f5es, parece-me que os princ\u00edpios dos direitos humanos s\u00e3o mais relevantes do que nunca e podem at\u00e9 ajudar a orientar-nos na mudan\u00e7a necess\u00e1ria que, inevitavelmente, teremos de realizar.<\/p>\n<p>O artigo 1.\u00ba da Declara\u00e7\u00e3o Universal dos Direitos Humanos estabelece que \u00abTodos os seres humanos nascem livres e iguais em dignidade e direitos. Est\u00e3o dotados de raz\u00e3o e consci\u00eancia e devem agir uns para com os outros num esp\u00edrito de fraternidade (1)\u00bb. O artigo 2.\u00ba explica, por sua vez, que todos os direitos enunciados na Declara\u00e7\u00e3o se aplicam a todos, sem qualquer tipo de discrimina\u00e7\u00e3o. Em teoria, ningu\u00e9m contestaria o princ\u00edpio estabelecido no artigo 1.\u00ba. No entanto, a verdade \u00e9 que, ao longo da \u00faltima d\u00e9cada, as desigualdades aumentaram em todo o lado e \u00e9 dif\u00edcil para milh\u00f5es de pessoas em todo o mundo, mesmo na Europa, levar uma vida digna. O fosso entre ricos e pobres nunca foi t\u00e3o grande. A t\u00edtulo de exemplo, em Fran\u00e7a, estima-se que, em 2010, a fortuna das 500 pessoas mais ricas do pa\u00eds correspondesse a 10 % do Produto Interno Bruto e que, em 2023, correspondesse a 45 % (2). Num contexto de altera\u00e7\u00f5es clim\u00e1ticas, a igualdade e a dignidade nunca foram t\u00e3o relevantes.<\/p>\n<p>Os governos s\u00e3o respons\u00e1veis por todos os seus cidad\u00e3os e devem estar \u00e0 altura das mudan\u00e7as sociais e dos maiores desafios da atualidade, que hoje incluem o aumento das desigualdades e as altera\u00e7\u00f5es clim\u00e1ticas. Todas as pol\u00edticas p\u00fablicas devem ter em conta as necessidades espec\u00edficas de todos os grupos da popula\u00e7\u00e3o e as consequ\u00eancias das altera\u00e7\u00f5es clim\u00e1ticas. Para apoiar este objetivo, uma ferramenta frequentemente utilizada na programa\u00e7\u00e3o baseada nos direitos humanos \u00e9 a avalia\u00e7\u00e3o de impacto, ou seja, a avalia\u00e7\u00e3o do impacto de uma determinada pol\u00edtica na concretiza\u00e7\u00e3o dos direitos humanos. Por outras palavras, se a pol\u00edtica prevista ter\u00e1 um efeito positivo, neutro ou mesmo negativo na vida das pessoas. Gostaria de tomar como exemplo a pol\u00edtica de transportes, nomeadamente a disponibilidade de transportes p\u00fablicos gratuitos, em geral, e do comboio, em particular. Decidi utilizar esta pol\u00edtica como exemplo porque a maioria das pessoas na Europa, tanto crian\u00e7as como adultos, utiliza diariamente os transportes para aceder \u00e0 escola, ao emprego, aos servi\u00e7os sociais e de sa\u00fade e, al\u00e9m disso, para ir de f\u00e9rias.<\/p>\n<p>Em 2013, o munic\u00edpio de Tallinn, na Est\u00f3nia, tornou os transportes p\u00fablicos gratuitos para todos os residentes de Tallinn, tornando-se uma das primeiras cidades a faz\u00ea-lo (3). Em Espanha, foi introduzido em 2022 um passe de transporte gratuito para utilizadores frequentes, como iniciativa para atenuar a crise econ\u00f3mica e incentivar a popula\u00e7\u00e3o a utilizar os transportes p\u00fablicos; e, ao mesmo tempo, como forma de desincentivar a utiliza\u00e7\u00e3o de transportes privados (4). O passe continua dispon\u00edvel atualmente, abrangendo tanto dist\u00e2ncias curtas como m\u00e9dias. Podem beneficiar os passageiros realizem pelo menos 16 viagens a cada quatro meses para poderem beneficiar do passe, incentivando assim a sua utiliza\u00e7\u00e3o (5). Mais uma vez, a ideia subjacente \u00e9 que, quanto mais as pessoas conseguirem utilizar os transportes p\u00fablicos de forma eficaz para se deslocarem \u00e0 escola ou ao trabalho, menos depender\u00e3o e utilizar\u00e3o o transporte privado, que contribui de forma muito mais significativa para as emiss\u00f5es de gases com efeito de estufa. Por exemplo, a Comiss\u00e3o Europeia calcula que os autom\u00f3veis de passageiros representam 61 % do total das emiss\u00f5es de di\u00f3xido de carbono (CO\u2082) provenientes do transporte rodovi\u00e1rio da Uni\u00e3o Europeia (6). Para utilizar outra m\u00e9trica, o Minist\u00e9rio dos Transportes do Reino Unido estima que \u00abuma viagem de carro a gasolina de Londres a Glasgow emite aproximadamente 4 vezes mais CO\u2082 por passageiro do que a viagem equivalente de autocarro (7)\u00bb.<\/p>\n<p>Outros pa\u00edses adotaram pol\u00edticas para tornar os transportes gratuitos a n\u00edvel nacional. Foi o caso do Luxemburgo, onde os transportes p\u00fablicos passaram a ser gratuitos em 2020, em todo o pa\u00eds, incluindo para visitantes e pessoas que se deslocam diariamente para o trabalho e que residem fora das fronteiras do pa\u00eds (3). Entre as raz\u00f5es para a ado\u00e7\u00e3o dessa pol\u00edtica contavam-se a redu\u00e7\u00e3o das desigualdades e a melhoria do ambiente. Outros pa\u00edses, como a Eslov\u00e1quia e a Rep\u00fablica Checa, introduziram descontos de 100% nas tarifas para crian\u00e7as, estudantes e reformados nos servi\u00e7os ferrovi\u00e1rios a partir de novembro de 2014; e descontos de 75% para crian\u00e7as, estudantes e reformados, tanto em comboios como em autocarros, a partir de setembro de 2018, respetivamente. Por tr\u00e1s destas pol\u00edticas, estavam tamb\u00e9m, principalmente, preocupa\u00e7\u00f5es sociais (8).<\/p>\n<p>A n\u00edvel Europeu, o programa\u00a0<a href=\"https:\/\/youth.europa.eu\/discovereu_pt\" target=\"_blank\" rel=\"noopener\">DiscoverEU<\/a>\u00a0tem vindo a oferecer passes ferrovi\u00e1rios gratuitos a jovens com 18 anos ou mais, com o objetivo de lhes permitir \u00abexplorar a diversidade da Europa, o seu patrim\u00f3nio cultural e a sua hist\u00f3ria, estabelecer la\u00e7os com pessoas de todo o continente e, em \u00faltima an\u00e1lise, descobrirem-se a si pr\u00f3prios\u00bb. Em 2026, foram atribu\u00eddos 40 000 passes gratuitos a jovens. A partir de 2027, o Reino Unido passar\u00e1 tamb\u00e9m a fazer parte do programa (9).<\/p>\n<p>Os resultados de todas as iniciativas acima referidas s\u00e3o mistos e demonstram que o planeamento e a implementa\u00e7\u00e3o dessas pol\u00edticas devem ter em conta a complexidade da utiliza\u00e7\u00e3o dos transportes, bem como as necessidades espec\u00edficas e a sensibiliza\u00e7\u00e3o dos grupos sociais. Por exemplo, um estudo sobre transportes a n\u00edvel europeu revelou que metade dos inquiridos n\u00e3o estava disposta a pagar mais por modos de transporte mais sustent\u00e1veis na mobilidade di\u00e1ria, porque n\u00e3o teria meios para o fazer, o que demonstra que a acessibilidade financeira \u00e9 uma dimens\u00e3o importante. Os resultados relativos \u00e0 disponibilidade para pagar mais por modos de transporte sustent\u00e1veis em viagens de longa dist\u00e2ncia tamb\u00e9m d\u00e3o que pensar. No que diz respeito a este tipo espec\u00edfico de transporte, metade dos inquiridos afirmou estar disposta a pagar e a outra metade afirmou n\u00e3o estar disposta a faz\u00ea-lo. No entanto, existem diferen\u00e7as significativas entre faixas et\u00e1rias e grupos socioecon\u00f3micos, sendo os jovens mais dispostos a pagar mais por transportes ecol\u00f3gicos e as pessoas com rendimentos mais elevados mais preocupadas com a rapidez do que com o impacto ambiental (3). Isto significa que a consci\u00eancia social e a compreens\u00e3o do comportamento tamb\u00e9m desempenham um papel importante no planeamento dos transportes.<\/p>\n<p>Exemplos de sucesso, como o da cidade francesa de Dunquerque, mostram que, para aumentar substancialmente a utiliza\u00e7\u00e3o dos transportes p\u00fablicos, a acessibilidade financeira tem de estar associada \u00e0 disponibilidade e \u00e0 acessibilidade, incluindo uma rede eficaz e fi\u00e1vel (10). Al\u00e9m disso, o transporte gratuito em longas dist\u00e2ncias pode tamb\u00e9m constituir um incentivo para que mais pessoas, especialmente as de contextos mais desfavorecidos, se desloquem.<\/p>\n<p>Uma infraestrutura de transportes deficiente pode contribuir para as desigualdades sociais de v\u00e1rias formas. No caso das dist\u00e2ncias curtas, a falta de transportes dispon\u00edveis, acess\u00edveis e a pre\u00e7os razo\u00e1veis pode impedir as pessoas de aceder ao trabalho, \u00e0 educa\u00e7\u00e3o e aos servi\u00e7os de sa\u00fade e sociais. No caso das dist\u00e2ncias m\u00e9dias e longas, a falta de transportes a pre\u00e7os razo\u00e1veis significa que menos pessoas de origens socioecon\u00f3micas desfavorecidas ter\u00e3o acesso a viagens, inclusive durante as f\u00e9rias.<\/p>\n<p>Ficam duas quest\u00f5es em aberto: ser\u00e1 que os transportes p\u00fablicos gratuitos de longo curso contribuem para o aumento do consumo de energia que, de outra forma, poderia n\u00e3o ter sido utilizada, pressionando assim os recursos clim\u00e1ticos (ou ser\u00e1 que, na verdade, ajudam a reduzir os efeitos das altera\u00e7\u00f5es clim\u00e1ticas)? E ser\u00e1 que as viagens de longo curso s\u00e3o importantes para superar as desigualdades?<\/p>\n<p>Estamos a viver numa \u00e9poca em que precisamos de aprender a viver de forma diferente e a maioria das pessoas n\u00e3o consegue imaginar como seria essa diferen\u00e7a. As palavras \u00abmenos\u00bb ou \u00abreduzir\u00bb provocam tens\u00e3o imediata, n\u00e3o s\u00f3 entre as empresas privadas e os governos, mas tamb\u00e9m entre o cidad\u00e3o comum. Por isso, os tempos atuais exigem que sa\u00edamos \u00e0 descoberta e o que melhor do que uma longa viagem de comboio para o fazer. Para muitas pessoas hoje em dia, a ideia de passar dez horas a fazer muito pouco pode parecer quase extravagante, mas isso j\u00e1 \u00e9 um bom come\u00e7o. Escolher um livro para ler depois de n\u00e3o ter lido durante doze meses, ou talvez at\u00e9 mais, conversar com um completo estranho e, no final da viagem, descobrir um novo pa\u00eds, novas pessoas, sabores e comportamentos diferentes. Quando viajamos, descansamos e divertimo-nos, mas tamb\u00e9m conhecemos culturas diferentes e, ao faz\u00ea-lo, tornamo-nos mais abertos e tolerantes para com os outros \u2014 e o mundo precisa desesperadamente de toler\u00e2ncia. E enquanto viajamos, podemos escrever novas hist\u00f3rias, de amizades inimagin\u00e1veis e de paz. \u00a0<\/p>\n<p>Abrirmo-nos a outras culturas e outros h\u00e1bitos, incluindo meios de transporte mais acess\u00edveis e ecol\u00f3gicos, pode ajudar a criar a mudan\u00e7a cultural e de mentalidades necess\u00e1ria para reverter os efeitos das altera\u00e7\u00f5es clim\u00e1ticas. O transporte gratuito de longa dist\u00e2ncia \u00e9 uma dessas pol\u00edticas que parece imposs\u00edvel antes de ser concretizada e que, com o tempo e a dist\u00e2ncia, poder\u00e1, sem d\u00favida, passar a contar com o apoio total de todos, a tal ponto que, um dia, ser\u00e1 imposs\u00edvel imaginar um mundo sem ela. H\u00e1 duas d\u00e9cadas, os n\u00edveis de polui\u00e7\u00e3o em Paris excediam os limites impostos pela Uni\u00e3o Europeia. Vinte anos depois, a mudan\u00e7a, atribu\u00edda em grande parte \u00e0s pol\u00edticas da presidente da c\u00e2mara Hidalgo, \u00e9 not\u00e1vel. Os n\u00edveis de polui\u00e7\u00e3o diminu\u00edram 50 por cento, mais de metade da popula\u00e7\u00e3o utiliza os transportes p\u00fablicos para se deslocar entre casa e o trabalho e a utiliza\u00e7\u00e3o de bicicletas tem vindo a aumentar progressivamente devido \u00e0 melhoria das ciclovias e \u00e0 organiza\u00e7\u00e3o do tr\u00e1fego. Em 2024, os parisienses votaram a favor da triplica\u00e7\u00e3o das taxas de estacionamento para SUV e, de acordo com o F\u00f3rum Econ\u00f3mico Mundial, a cidade planeia eliminar 60 000 lugares de estacionamento at\u00e9 2030, convertendo-os em espa\u00e7os verdes (11).<\/p>\n<p>Face \u00e0s altera\u00e7\u00f5es clim\u00e1ticas, o valor da dignidade deve estar no centro de qualquer a\u00e7\u00e3o empreendida e todas as pol\u00edticas devem abrir oportunidades para uma maior igualdade e introduzir as mudan\u00e7as no estilo de vida sem as quais a sustentabilidade na Terra n\u00e3o ser\u00e1 poss\u00edvel. A pol\u00edtica de transportes, em particular o transporte gratuito para todos os cidad\u00e3os em viagens de curta, m\u00e9dia e longa dist\u00e2ncia, \u00e9 um desses exemplos em que tal \u00e9 poss\u00edvel quando se lhe d\u00e1 prioridade e cujo impacto nas pessoas e no ambiente pode ser not\u00e1vel.<\/p>\n<p><em>Traduzido do ingl\u00eas para portugu\u00eas e franc\u00eas com Deepl.com (vers\u00e3o gratuita)<\/em><\/p>\n<p><strong>Refer\u00eancias<\/strong><\/p>\n<p>(1) United Nations (1948) Universal Declaration of Human Rights<\/p>\n<p>(2)\u00a0<a href=\"https:\/\/www.challenges.fr\/fortunes\/les-500-plus-grandes-fortunes-de-france-cumulent-1-170-milliards-d-euros-en-2023-du-jamais-vu_860748\" target=\"_blank\" rel=\"noopener\">Les 500 plus grandes Fortunes de France cumulent 1.170 milliards d\u2019euros en 2023, du jamais-vu<\/a>. Consultado pela \u00faltima vez em 26 de Maio de 2026<\/p>\n<p>(3) European Commission (2022) Study on the social dimension of the future EU transport system regarding users and passengers. Final report<\/p>\n<p>(4) Daniel Albalate, Mattia Borsati and Albert Gragera Free rides to cleaner air? Examining the impact of massive public transport fare discounts on air quality. Economics of Transportation 40 (2024) 100380.\u00a0<a href=\"https:\/\/doi.org\/10.1016\/j.ecotra.2024.100380\" target=\"_blank\" rel=\"noopener\">https:\/\/doi.org\/10.1016\/j.ecotra.2024.100380<\/a><\/p>\n<p>(5)\u00a0<a href=\"https:\/\/www.renfe.com\/es\/es\/promociones\/abonos-renfe\/abonos-gratuitos\" target=\"_blank\" rel=\"noopener\">Abonos gratuitos cuatrimestrales en Cercan\u00edas Asturias y Cercan\u00edas Cantabria<\/a>. Consultado pela \u00faltima vez em 26 de Maio de 2026<\/p>\n<p>(6) European Parliament.\u00a0<a href=\"https:\/\/www.europarl.europa.eu\/topics\/en\/article\/20190313STO31218\/co2-emissions-from-cars-facts-and-figures-infographics\" target=\"_blank\" rel=\"noopener\">CO2 emissions from cars: facts and figures (infographics)<\/a>. Published: 22-03-2019, Last updated: 06-12-2024 \u2013 15:16<\/p>\n<p>(7) UK Department for Transport.\u00a0<a href=\"https:\/\/www.gov.uk\/government\/statistics\/transport-and-environment-statistics-2023\/transport-and-environment-statistics-2023\" target=\"_blank\" rel=\"noopener\">Official Statistics. Transport and environment statistics: 2023<\/a>\u00a0(2021 data).<\/p>\n<p>(8) Tome\u0161, Z., Fitzov\u00e1, H., Pa\u0159il, V., Rederer, V., Kordov\u00e1, Z., Kasa, M., 2022. Fare discountsand free fares in long-distance public transport in central Europe. Case Stud. Transp.Policy 10 (1), 507\u2013517.<\/p>\n<p>(9)\u00a0<a href=\"https:\/\/youth.europa.eu\/discovereu\/infographics_en\" target=\"_blank\" rel=\"noopener\">DiscoverEU Infographics<\/a>. Consultado pela \u00faltima vez em 26 de Maio de 2026<\/p>\n<p>(10) Observatoire des villes du transport gratuit (2019) Le nouveau reseau de transport gratuit \u00e0 Dunkerque: de la transformation des mobilit\u00e9saux mutations du territoire.<\/p>\n<p>(11) World Economic Forum.\u00a0<a href=\"https:\/\/www.weforum.org\/videos\/paris-cut-air-pollution\/\" target=\"_blank\" rel=\"noopener\">Paris has cut air pollution by half. Here\u2019s how.<\/a>\u00a0Last accessed 26 May 2026<\/p>\t\t\t\t\t\t\t\t<\/div>\n\t\t\t\t<\/div>\n\t\t\t\t\t<\/div>\n\t\t<\/div>\n\t\t\t\t\t<\/div>\n\t\t<\/section>\n\t\t\t\t<section class=\"elementor-section elementor-top-section elementor-element elementor-element-3bcb698 ct-section-stretched elementor-section-boxed elementor-section-height-default elementor-section-height-default\" data-id=\"3bcb698\" data-element_type=\"section\" data-e-type=\"section\" data-settings=\"{&quot;background_background&quot;:&quot;classic&quot;}\">\n\t\t\t\t\t\t<div class=\"elementor-container elementor-column-gap-default\">\n\t\t\t\t\t<div class=\"elementor-column elementor-col-100 elementor-top-column elementor-element elementor-element-3275a14a\" data-id=\"3275a14a\" data-element_type=\"column\" data-e-type=\"column\">\n\t\t\t<div class=\"elementor-widget-wrap elementor-element-populated\">\n\t\t\t\t\t\t<div class=\"elementor-element elementor-element-1ceae7e0 elementor-view-default elementor-widget elementor-widget-icon\" data-id=\"1ceae7e0\" data-element_type=\"widget\" data-e-type=\"widget\" data-widget_type=\"icon.default\">\n\t\t\t\t<div class=\"elementor-widget-container\">\n\t\t\t\t\t\t\t<div class=\"elementor-icon-wrapper\">\n\t\t\t<div class=\"elementor-icon\">\n\t\t\t<svg aria-hidden=\"true\" class=\"e-font-icon-svg e-fas-arrow-circle-down\" viewbox=\"0 0 512 512\" xmlns=\"http:\/\/www.w3.org\/2000\/svg\"><path d=\"M504 256c0 137-111 248-248 248S8 393 8 256 119 8 256 8s248 111 248 248zm-143.6-28.9L288 302.6V120c0-13.3-10.7-24-24-24h-16c-13.3 0-24 10.7-24 24v182.6l-72.4-75.5c-9.3-9.7-24.8-9.9-34.3-.4l-10.9 11c-9.4 9.4-9.4 24.6 0 33.9L239 404.3c9.4 9.4 24.6 9.4 33.9 0l132.7-132.7c9.4-9.4 9.4-24.6 0-33.9l-10.9-11c-9.5-9.5-25-9.3-34.3.4z\"><\/path><\/svg>\t\t\t<\/div>\n\t\t<\/div>\n\t\t\t\t\t\t<\/div>\n\t\t\t\t<\/div>\n\t\t\t\t\t<\/div>\n\t\t<\/div>\n\t\t\t\t\t<\/div>\n\t\t<\/section>\n\t\t<div class=\"elementor-element elementor-element-48905612 e-con-full e-flex e-con e-parent\" data-id=\"48905612\" data-element_type=\"container\" data-e-type=\"container\" data-settings=\"{&quot;background_background&quot;:&quot;classic&quot;}\">\n\t\t\t\t<div class=\"elementor-element elementor-element-1a50b6ef elementor-widget elementor-widget-spacer\" data-id=\"1a50b6ef\" data-element_type=\"widget\" data-e-type=\"widget\" data-widget_type=\"spacer.default\">\n\t\t\t\t<div class=\"elementor-widget-container\">\n\t\t\t\t\t\t\t<div class=\"elementor-spacer\">\n\t\t\t<div class=\"elementor-spacer-inner\"><\/div>\n\t\t<\/div>\n\t\t\t\t\t\t<\/div>\n\t\t\t\t<\/div>\n\t\t\t\t<div class=\"elementor-element elementor-element-49e1a76c elementor-grid-4 elementor-grid-tablet-2 elementor-grid-mobile-1 elementor-posts--thumbnail-top elementor-card-shadow-yes elementor-posts__hover-gradient elementor-widget elementor-widget-posts\" data-id=\"49e1a76c\" data-element_type=\"widget\" data-e-type=\"widget\" data-settings=\"{&quot;cards_columns&quot;:&quot;4&quot;,&quot;cards_columns_tablet&quot;:&quot;2&quot;,&quot;cards_columns_mobile&quot;:&quot;1&quot;,&quot;cards_row_gap&quot;:{&quot;unit&quot;:&quot;px&quot;,&quot;size&quot;:35,&quot;sizes&quot;:[]},&quot;cards_row_gap_tablet&quot;:{&quot;unit&quot;:&quot;px&quot;,&quot;size&quot;:&quot;&quot;,&quot;sizes&quot;:[]},&quot;cards_row_gap_mobile&quot;:{&quot;unit&quot;:&quot;px&quot;,&quot;size&quot;:&quot;&quot;,&quot;sizes&quot;:[]}}\" data-widget_type=\"posts.cards\">\n\t\t\t\t<div class=\"elementor-widget-container\">\n\t\t\t\t\t\t\t<div class=\"elementor-posts-container elementor-posts elementor-posts--skin-cards elementor-grid\" role=\"list\">\n\t\t\t\t<article class=\"elementor-post elementor-grid-item post-3887 post type-post status-publish format-standard has-post-thumbnail hentry category-ecology category-news\" role=\"listitem\">\n\t\t\t<div class=\"elementor-post__card\">\n\t\t\t\t<a class=\"elementor-post__thumbnail__link\" href=\"https:\/\/www.cultivonslempathie.com\/pt\/inequalities-and-climate-change\/\" tabindex=\"-1\" ><div class=\"elementor-post__thumbnail\"><img fetchpriority=\"high\" decoding=\"async\" width=\"1024\" height=\"240\" src=\"https:\/\/www.cultivonslempathie.com\/wp-content\/uploads\/voyage2-1024x240.jpg\" class=\"attachment-large size-large wp-image-3888\" alt=\"\" srcset=\"https:\/\/www.cultivonslempathie.com\/wp-content\/uploads\/voyage2-1024x240.jpg 1024w, https:\/\/www.cultivonslempathie.com\/wp-content\/uploads\/voyage2-300x70.jpg 300w, https:\/\/www.cultivonslempathie.com\/wp-content\/uploads\/voyage2-768x180.jpg 768w, https:\/\/www.cultivonslempathie.com\/wp-content\/uploads\/voyage2-1536x360.jpg 1536w, https:\/\/www.cultivonslempathie.com\/wp-content\/uploads\/voyage2-2048x480.jpg 2048w, https:\/\/www.cultivonslempathie.com\/wp-content\/uploads\/voyage2-18x4.jpg 18w, https:\/\/www.cultivonslempathie.com\/wp-content\/uploads\/voyage2-600x141.jpg 600w\" sizes=\"(max-width: 1024px) 100vw, 1024px\" \/><\/div><\/a>\n\t\t\t\t<div class=\"elementor-post__badge\">Ecologia<\/div>\n\t\t\t\t<div class=\"elementor-post__text\">\n\t\t\t\t<h3 class=\"elementor-post__title\">\n\t\t\t<a href=\"https:\/\/www.cultivonslempathie.com\/pt\/inequalities-and-climate-change\/\" >\n\t\t\t\tDesigualdades e altera\u00e7\u00f5es clim\u00e1ticas: O exemplo das pol\u00edticas de transporte\t\t\t<\/a>\n\t\t<\/h3>\n\t\t\t\t<\/div>\n\t\t\t\t<div class=\"elementor-post__meta-data\">\n\t\t\t\t\t<span class=\"elementor-post-date\">\n\t\t\t02\/09\/2026\t\t<\/span>\n\t\t\t\t<\/div>\n\t\t\t\t\t<\/div>\n\t\t<\/article>\n\t\t\t\t<article class=\"elementor-post elementor-grid-item post-3591 post type-post status-publish format-standard has-post-thumbnail hentry category-ecology\" role=\"listitem\">\n\t\t\t<div class=\"elementor-post__card\">\n\t\t\t\t<a class=\"elementor-post__thumbnail__link\" href=\"https:\/\/www.cultivonslempathie.com\/pt\/the-question-of-ecology-is-inseparable-from-the-human-question\/\" tabindex=\"-1\" ><div class=\"elementor-post__thumbnail\"><img decoding=\"async\" width=\"1024\" height=\"240\" src=\"https:\/\/www.cultivonslempathie.com\/wp-content\/uploads\/ana-2-1024x240.jpg\" class=\"attachment-large size-large wp-image-3653\" alt=\"\" srcset=\"https:\/\/www.cultivonslempathie.com\/wp-content\/uploads\/ana-2-1024x240.jpg 1024w, https:\/\/www.cultivonslempathie.com\/wp-content\/uploads\/ana-2-300x70.jpg 300w, https:\/\/www.cultivonslempathie.com\/wp-content\/uploads\/ana-2-768x180.jpg 768w, https:\/\/www.cultivonslempathie.com\/wp-content\/uploads\/ana-2-1536x360.jpg 1536w, https:\/\/www.cultivonslempathie.com\/wp-content\/uploads\/ana-2-2048x480.jpg 2048w, https:\/\/www.cultivonslempathie.com\/wp-content\/uploads\/ana-2-18x4.jpg 18w, https:\/\/www.cultivonslempathie.com\/wp-content\/uploads\/ana-2-600x141.jpg 600w\" sizes=\"(max-width: 1024px) 100vw, 1024px\" \/><\/div><\/a>\n\t\t\t\t<div class=\"elementor-post__badge\">Ecologia<\/div>\n\t\t\t\t<div class=\"elementor-post__text\">\n\t\t\t\t<h3 class=\"elementor-post__title\">\n\t\t\t<a href=\"https:\/\/www.cultivonslempathie.com\/pt\/the-question-of-ecology-is-inseparable-from-the-human-question\/\" >\n\t\t\t\tA quest\u00e3o ecol\u00f3gica \u00e9 indissoci\u00e1vel da quest\u00e3o humana\t\t\t<\/a>\n\t\t<\/h3>\n\t\t\t\t<\/div>\n\t\t\t\t<div class=\"elementor-post__meta-data\">\n\t\t\t\t\t<span class=\"elementor-post-date\">\n\t\t\t16\/05\/2026\t\t<\/span>\n\t\t\t\t<\/div>\n\t\t\t\t\t<\/div>\n\t\t<\/article>\n\t\t\t\t<article class=\"elementor-post elementor-grid-item post-3458 post type-post status-publish format-standard has-post-thumbnail hentry category-ecology category-news\" role=\"listitem\">\n\t\t\t<div class=\"elementor-post__card\">\n\t\t\t\t<a class=\"elementor-post__thumbnail__link\" href=\"https:\/\/www.cultivonslempathie.com\/pt\/childrens-right-to-the-environment\/\" tabindex=\"-1\" ><div class=\"elementor-post__thumbnail\"><img decoding=\"async\" width=\"1024\" height=\"765\" src=\"https:\/\/www.cultivonslempathie.com\/wp-content\/uploads\/Media-3-1024x765.png\" class=\"attachment-large size-large wp-image-1496\" alt=\"\" srcset=\"https:\/\/www.cultivonslempathie.com\/wp-content\/uploads\/Media-3-1024x765.png 1024w, https:\/\/www.cultivonslempathie.com\/wp-content\/uploads\/Media-3-300x224.png 300w, https:\/\/www.cultivonslempathie.com\/wp-content\/uploads\/Media-3-768x574.png 768w, https:\/\/www.cultivonslempathie.com\/wp-content\/uploads\/Media-3-1536x1147.png 1536w, https:\/\/www.cultivonslempathie.com\/wp-content\/uploads\/Media-3-2048x1530.png 2048w, https:\/\/www.cultivonslempathie.com\/wp-content\/uploads\/Media-3-16x12.png 16w, https:\/\/www.cultivonslempathie.com\/wp-content\/uploads\/Media-3-600x448.png 600w\" sizes=\"(max-width: 1024px) 100vw, 1024px\" \/><\/div><\/a>\n\t\t\t\t<div class=\"elementor-post__badge\">Ecologia<\/div>\n\t\t\t\t<div class=\"elementor-post__text\">\n\t\t\t\t<h3 class=\"elementor-post__title\">\n\t\t\t<a href=\"https:\/\/www.cultivonslempathie.com\/pt\/childrens-right-to-the-environment\/\" >\n\t\t\t\tO direito das crian\u00e7as ao ambiente\t\t\t<\/a>\n\t\t<\/h3>\n\t\t\t\t<\/div>\n\t\t\t\t<div class=\"elementor-post__meta-data\">\n\t\t\t\t\t<span class=\"elementor-post-date\">\n\t\t\t07\/03\/2026\t\t<\/span>\n\t\t\t\t<\/div>\n\t\t\t\t\t<\/div>\n\t\t<\/article>\n\t\t\t\t<\/div>\n\t\t\n\t\t\t\t\t\t<\/div>\n\t\t\t\t<\/div>\n\t\t\t\t<div class=\"elementor-element elementor-element-1d8ee1bf elementor-widget elementor-widget-spacer\" data-id=\"1d8ee1bf\" data-element_type=\"widget\" data-e-type=\"widget\" data-widget_type=\"spacer.default\">\n\t\t\t\t<div class=\"elementor-widget-container\">\n\t\t\t\t\t\t\t<div class=\"elementor-spacer\">\n\t\t\t<div class=\"elementor-spacer-inner\"><\/div>\n\t\t<\/div>\n\t\t\t\t\t\t<\/div>\n\t\t\t\t<\/div>\n\t\t\t\t<\/div>\n\t\t\t\t<\/div>","protected":false},"excerpt":{"rendered":"<p>Ecology The international human rights\u2019 framework and the role of international organisations are being put to a test, which has reached its climax with the<\/p>","protected":false},"author":2,"featured_media":3888,"comment_status":"closed","ping_status":"closed","sticky":false,"template":"elementor_header_footer","format":"standard","meta":{"inline_featured_image":false,"footnotes":""},"categories":[44,1],"tags":[],"class_list":["post-3887","post","type-post","status-publish","format-standard","has-post-thumbnail","hentry","category-ecology","category-news"],"blocksy_meta":{"styles_descriptor":{"styles":{"desktop":"","tablet":"","mobile":""},"google_fonts":[],"version":7}},"yoast_head":"<!-- This site is optimized with the Yoast SEO plugin v28.4 - https:\/\/yoast.com\/product\/yoast-seo-wordpress\/ -->\n<title>Inequalities and climate change: The example of transport policies - Cultivons l&#039;empathie<\/title>\n<meta name=\"robots\" content=\"index, follow, max-snippet:-1, max-image-preview:large, max-video-preview:-1\" \/>\n<link rel=\"canonical\" href=\"https:\/\/www.cultivonslempathie.com\/pt\/inequalities-and-climate-change\/\" \/>\n<meta property=\"og:locale\" content=\"pt_PT\" \/>\n<meta property=\"og:type\" content=\"article\" \/>\n<meta property=\"og:title\" content=\"Inequalities and climate change: The example of transport policies - Cultivons l&#039;empathie\" \/>\n<meta property=\"og:description\" content=\"Ecology The international human rights\u2019 framework and the role of international organisations are being put to a test, which has reached its climax with the\" \/>\n<meta property=\"og:url\" content=\"https:\/\/www.cultivonslempathie.com\/pt\/inequalities-and-climate-change\/\" \/>\n<meta property=\"og:site_name\" content=\"Cultivons l&#039;empathie\" \/>\n<meta property=\"article:published_time\" content=\"2026-09-02T14:57:55+00:00\" \/>\n<meta property=\"article:modified_time\" content=\"2026-09-02T15:04:53+00:00\" \/>\n<meta property=\"og:image\" content=\"https:\/\/www.cultivonslempathie.com\/wp-content\/uploads\/voyage2.jpg\" \/>\n\t<meta property=\"og:image:width\" content=\"2133\" \/>\n\t<meta property=\"og:image:height\" content=\"500\" \/>\n\t<meta property=\"og:image:type\" content=\"image\/jpeg\" \/>\n<meta name=\"author\" content=\"Ana\" \/>\n<meta name=\"twitter:card\" content=\"summary_large_image\" \/>\n<meta name=\"twitter:label1\" content=\"Escrito por\" \/>\n\t<meta name=\"twitter:data1\" content=\"Ana\" \/>\n\t<meta name=\"twitter:label2\" content=\"Tempo estimado de leitura\" \/>\n\t<meta name=\"twitter:data2\" content=\"9 minutos\" \/>\n<script type=\"application\/ld+json\" class=\"yoast-schema-graph\">{\"@context\":\"https:\\\/\\\/schema.org\",\"@graph\":[{\"@type\":\"Article\",\"@id\":\"https:\\\/\\\/www.cultivonslempathie.com\\\/inequalities-and-climate-change\\\/#article\",\"isPartOf\":{\"@id\":\"https:\\\/\\\/www.cultivonslempathie.com\\\/inequalities-and-climate-change\\\/\"},\"author\":{\"name\":\"Ana\",\"@id\":\"https:\\\/\\\/www.cultivonslempathie.com\\\/#\\\/schema\\\/person\\\/14a4090676a5d0d4144ae1fd73dc5d1a\"},\"headline\":\"Inequalities and climate change: The example of transport policies\",\"datePublished\":\"2026-09-02T14:57:55+00:00\",\"dateModified\":\"2026-09-02T15:04:53+00:00\",\"mainEntityOfPage\":{\"@id\":\"https:\\\/\\\/www.cultivonslempathie.com\\\/inequalities-and-climate-change\\\/\"},\"wordCount\":1757,\"publisher\":{\"@id\":\"https:\\\/\\\/www.cultivonslempathie.com\\\/#organization\"},\"image\":{\"@id\":\"https:\\\/\\\/www.cultivonslempathie.com\\\/inequalities-and-climate-change\\\/#primaryimage\"},\"thumbnailUrl\":\"https:\\\/\\\/www.cultivonslempathie.com\\\/wp-content\\\/uploads\\\/voyage2.jpg\",\"articleSection\":[\"Ecology\",\"News\"],\"inLanguage\":\"pt-PT\"},{\"@type\":\"WebPage\",\"@id\":\"https:\\\/\\\/www.cultivonslempathie.com\\\/inequalities-and-climate-change\\\/\",\"url\":\"https:\\\/\\\/www.cultivonslempathie.com\\\/inequalities-and-climate-change\\\/\",\"name\":\"Inequalities and climate change: The example of transport policies - Cultivons l&#039;empathie\",\"isPartOf\":{\"@id\":\"https:\\\/\\\/www.cultivonslempathie.com\\\/#website\"},\"primaryImageOfPage\":{\"@id\":\"https:\\\/\\\/www.cultivonslempathie.com\\\/inequalities-and-climate-change\\\/#primaryimage\"},\"image\":{\"@id\":\"https:\\\/\\\/www.cultivonslempathie.com\\\/inequalities-and-climate-change\\\/#primaryimage\"},\"thumbnailUrl\":\"https:\\\/\\\/www.cultivonslempathie.com\\\/wp-content\\\/uploads\\\/voyage2.jpg\",\"datePublished\":\"2026-09-02T14:57:55+00:00\",\"dateModified\":\"2026-09-02T15:04:53+00:00\",\"breadcrumb\":{\"@id\":\"https:\\\/\\\/www.cultivonslempathie.com\\\/inequalities-and-climate-change\\\/#breadcrumb\"},\"inLanguage\":\"pt-PT\",\"potentialAction\":[{\"@type\":\"ReadAction\",\"target\":[\"https:\\\/\\\/www.cultivonslempathie.com\\\/inequalities-and-climate-change\\\/\"]}]},{\"@type\":\"ImageObject\",\"inLanguage\":\"pt-PT\",\"@id\":\"https:\\\/\\\/www.cultivonslempathie.com\\\/inequalities-and-climate-change\\\/#primaryimage\",\"url\":\"https:\\\/\\\/www.cultivonslempathie.com\\\/wp-content\\\/uploads\\\/voyage2.jpg\",\"contentUrl\":\"https:\\\/\\\/www.cultivonslempathie.com\\\/wp-content\\\/uploads\\\/voyage2.jpg\",\"width\":2133,\"height\":500},{\"@type\":\"BreadcrumbList\",\"@id\":\"https:\\\/\\\/www.cultivonslempathie.com\\\/inequalities-and-climate-change\\\/#breadcrumb\",\"itemListElement\":[{\"@type\":\"ListItem\",\"position\":1,\"name\":\"Home\",\"item\":\"https:\\\/\\\/www.cultivonslempathie.com\\\/\"},{\"@type\":\"ListItem\",\"position\":2,\"name\":\"Inequalities and climate change: The example of transport policies\"}]},{\"@type\":\"WebSite\",\"@id\":\"https:\\\/\\\/www.cultivonslempathie.com\\\/#website\",\"url\":\"https:\\\/\\\/www.cultivonslempathie.com\\\/\",\"name\":\"Cultivons l&#039;empathie\",\"description\":\"\",\"publisher\":{\"@id\":\"https:\\\/\\\/www.cultivonslempathie.com\\\/#organization\"},\"potentialAction\":[{\"@type\":\"SearchAction\",\"target\":{\"@type\":\"EntryPoint\",\"urlTemplate\":\"https:\\\/\\\/www.cultivonslempathie.com\\\/?s={search_term_string}\"},\"query-input\":{\"@type\":\"PropertyValueSpecification\",\"valueRequired\":true,\"valueName\":\"search_term_string\"}}],\"inLanguage\":\"pt-PT\"},{\"@type\":\"Organization\",\"@id\":\"https:\\\/\\\/www.cultivonslempathie.com\\\/#organization\",\"name\":\"Cultivons l&#039;empathie\",\"url\":\"https:\\\/\\\/www.cultivonslempathie.com\\\/\",\"logo\":{\"@type\":\"ImageObject\",\"inLanguage\":\"pt-PT\",\"@id\":\"https:\\\/\\\/www.cultivonslempathie.com\\\/#\\\/schema\\\/logo\\\/image\\\/\",\"url\":\"https:\\\/\\\/www.cultivonslempathie.com\\\/wp-content\\\/uploads\\\/logo-cultivonslempathie.svg\",\"contentUrl\":\"https:\\\/\\\/www.cultivonslempathie.com\\\/wp-content\\\/uploads\\\/logo-cultivonslempathie.svg\",\"width\":600,\"height\":600,\"caption\":\"Cultivons l&#039;empathie\"},\"image\":{\"@id\":\"https:\\\/\\\/www.cultivonslempathie.com\\\/#\\\/schema\\\/logo\\\/image\\\/\"}},{\"@type\":\"Person\",\"@id\":\"https:\\\/\\\/www.cultivonslempathie.com\\\/#\\\/schema\\\/person\\\/14a4090676a5d0d4144ae1fd73dc5d1a\",\"name\":\"Ana\",\"image\":{\"@type\":\"ImageObject\",\"inLanguage\":\"pt-PT\",\"@id\":\"https:\\\/\\\/secure.gravatar.com\\\/avatar\\\/0cd9bf5f403d8ed612ebe2cc1f3d9b973c803d360749b53e8f0d99d70d8ab5b3?s=96&d=mm&r=g\",\"url\":\"https:\\\/\\\/secure.gravatar.com\\\/avatar\\\/0cd9bf5f403d8ed612ebe2cc1f3d9b973c803d360749b53e8f0d99d70d8ab5b3?s=96&d=mm&r=g\",\"contentUrl\":\"https:\\\/\\\/secure.gravatar.com\\\/avatar\\\/0cd9bf5f403d8ed612ebe2cc1f3d9b973c803d360749b53e8f0d99d70d8ab5b3?s=96&d=mm&r=g\",\"caption\":\"Ana\"},\"url\":\"https:\\\/\\\/www.cultivonslempathie.com\\\/pt\\\/author\\\/ana\\\/\"}]}<\/script>\n<!-- \/ Yoast SEO plugin. -->","yoast_head_json":{"title":"Inequalities and climate change: The example of transport policies - Cultivons l&#039;empathie","robots":{"index":"index","follow":"follow","max-snippet":"max-snippet:-1","max-image-preview":"max-image-preview:large","max-video-preview":"max-video-preview:-1"},"canonical":"https:\/\/www.cultivonslempathie.com\/pt\/inequalities-and-climate-change\/","og_locale":"pt_PT","og_type":"article","og_title":"Inequalities and climate change: The example of transport policies - Cultivons l&#039;empathie","og_description":"Ecology The international human rights\u2019 framework and the role of international organisations are being put to a test, which has reached its climax with the","og_url":"https:\/\/www.cultivonslempathie.com\/pt\/inequalities-and-climate-change\/","og_site_name":"Cultivons l&#039;empathie","article_published_time":"2026-09-02T14:57:55+00:00","article_modified_time":"2026-09-02T15:04:53+00:00","og_image":[{"width":2133,"height":500,"url":"https:\/\/www.cultivonslempathie.com\/wp-content\/uploads\/voyage2.jpg","type":"image\/jpeg"}],"author":"Ana","twitter_card":"summary_large_image","twitter_misc":{"Escrito por":"Ana","Tempo estimado de leitura":"9 minutos"},"schema":{"@context":"https:\/\/schema.org","@graph":[{"@type":"Article","@id":"https:\/\/www.cultivonslempathie.com\/inequalities-and-climate-change\/#article","isPartOf":{"@id":"https:\/\/www.cultivonslempathie.com\/inequalities-and-climate-change\/"},"author":{"name":"Ana","@id":"https:\/\/www.cultivonslempathie.com\/#\/schema\/person\/14a4090676a5d0d4144ae1fd73dc5d1a"},"headline":"Inequalities and climate change: The example of transport policies","datePublished":"2026-09-02T14:57:55+00:00","dateModified":"2026-09-02T15:04:53+00:00","mainEntityOfPage":{"@id":"https:\/\/www.cultivonslempathie.com\/inequalities-and-climate-change\/"},"wordCount":1757,"publisher":{"@id":"https:\/\/www.cultivonslempathie.com\/#organization"},"image":{"@id":"https:\/\/www.cultivonslempathie.com\/inequalities-and-climate-change\/#primaryimage"},"thumbnailUrl":"https:\/\/www.cultivonslempathie.com\/wp-content\/uploads\/voyage2.jpg","articleSection":["Ecology","News"],"inLanguage":"pt-PT"},{"@type":"WebPage","@id":"https:\/\/www.cultivonslempathie.com\/inequalities-and-climate-change\/","url":"https:\/\/www.cultivonslempathie.com\/inequalities-and-climate-change\/","name":"Inequalities and climate change: The example of transport policies - Cultivons l&#039;empathie","isPartOf":{"@id":"https:\/\/www.cultivonslempathie.com\/#website"},"primaryImageOfPage":{"@id":"https:\/\/www.cultivonslempathie.com\/inequalities-and-climate-change\/#primaryimage"},"image":{"@id":"https:\/\/www.cultivonslempathie.com\/inequalities-and-climate-change\/#primaryimage"},"thumbnailUrl":"https:\/\/www.cultivonslempathie.com\/wp-content\/uploads\/voyage2.jpg","datePublished":"2026-09-02T14:57:55+00:00","dateModified":"2026-09-02T15:04:53+00:00","breadcrumb":{"@id":"https:\/\/www.cultivonslempathie.com\/inequalities-and-climate-change\/#breadcrumb"},"inLanguage":"pt-PT","potentialAction":[{"@type":"ReadAction","target":["https:\/\/www.cultivonslempathie.com\/inequalities-and-climate-change\/"]}]},{"@type":"ImageObject","inLanguage":"pt-PT","@id":"https:\/\/www.cultivonslempathie.com\/inequalities-and-climate-change\/#primaryimage","url":"https:\/\/www.cultivonslempathie.com\/wp-content\/uploads\/voyage2.jpg","contentUrl":"https:\/\/www.cultivonslempathie.com\/wp-content\/uploads\/voyage2.jpg","width":2133,"height":500},{"@type":"BreadcrumbList","@id":"https:\/\/www.cultivonslempathie.com\/inequalities-and-climate-change\/#breadcrumb","itemListElement":[{"@type":"ListItem","position":1,"name":"Home","item":"https:\/\/www.cultivonslempathie.com\/"},{"@type":"ListItem","position":2,"name":"Inequalities and climate change: The example of transport policies"}]},{"@type":"WebSite","@id":"https:\/\/www.cultivonslempathie.com\/#website","url":"https:\/\/www.cultivonslempathie.com\/","name":"Cultivons l&#039;empathie","description":"","publisher":{"@id":"https:\/\/www.cultivonslempathie.com\/#organization"},"potentialAction":[{"@type":"SearchAction","target":{"@type":"EntryPoint","urlTemplate":"https:\/\/www.cultivonslempathie.com\/?s={search_term_string}"},"query-input":{"@type":"PropertyValueSpecification","valueRequired":true,"valueName":"search_term_string"}}],"inLanguage":"pt-PT"},{"@type":"Organization","@id":"https:\/\/www.cultivonslempathie.com\/#organization","name":"Cultivons l&#039;empathie","url":"https:\/\/www.cultivonslempathie.com\/","logo":{"@type":"ImageObject","inLanguage":"pt-PT","@id":"https:\/\/www.cultivonslempathie.com\/#\/schema\/logo\/image\/","url":"https:\/\/www.cultivonslempathie.com\/wp-content\/uploads\/logo-cultivonslempathie.svg","contentUrl":"https:\/\/www.cultivonslempathie.com\/wp-content\/uploads\/logo-cultivonslempathie.svg","width":600,"height":600,"caption":"Cultivons l&#039;empathie"},"image":{"@id":"https:\/\/www.cultivonslempathie.com\/#\/schema\/logo\/image\/"}},{"@type":"Person","@id":"https:\/\/www.cultivonslempathie.com\/#\/schema\/person\/14a4090676a5d0d4144ae1fd73dc5d1a","name":"Ana","image":{"@type":"ImageObject","inLanguage":"pt-PT","@id":"https:\/\/secure.gravatar.com\/avatar\/0cd9bf5f403d8ed612ebe2cc1f3d9b973c803d360749b53e8f0d99d70d8ab5b3?s=96&d=mm&r=g","url":"https:\/\/secure.gravatar.com\/avatar\/0cd9bf5f403d8ed612ebe2cc1f3d9b973c803d360749b53e8f0d99d70d8ab5b3?s=96&d=mm&r=g","contentUrl":"https:\/\/secure.gravatar.com\/avatar\/0cd9bf5f403d8ed612ebe2cc1f3d9b973c803d360749b53e8f0d99d70d8ab5b3?s=96&d=mm&r=g","caption":"Ana"},"url":"https:\/\/www.cultivonslempathie.com\/pt\/author\/ana\/"}]}},"_links":{"self":[{"href":"https:\/\/www.cultivonslempathie.com\/pt\/wp-json\/wp\/v2\/posts\/3887","targetHints":{"allow":["GET"]}}],"collection":[{"href":"https:\/\/www.cultivonslempathie.com\/pt\/wp-json\/wp\/v2\/posts"}],"about":[{"href":"https:\/\/www.cultivonslempathie.com\/pt\/wp-json\/wp\/v2\/types\/post"}],"author":[{"embeddable":true,"href":"https:\/\/www.cultivonslempathie.com\/pt\/wp-json\/wp\/v2\/users\/2"}],"replies":[{"embeddable":true,"href":"https:\/\/www.cultivonslempathie.com\/pt\/wp-json\/wp\/v2\/comments?post=3887"}],"version-history":[{"count":4,"href":"https:\/\/www.cultivonslempathie.com\/pt\/wp-json\/wp\/v2\/posts\/3887\/revisions"}],"predecessor-version":[{"id":3893,"href":"https:\/\/www.cultivonslempathie.com\/pt\/wp-json\/wp\/v2\/posts\/3887\/revisions\/3893"}],"wp:featuredmedia":[{"embeddable":true,"href":"https:\/\/www.cultivonslempathie.com\/pt\/wp-json\/wp\/v2\/media\/3888"}],"wp:attachment":[{"href":"https:\/\/www.cultivonslempathie.com\/pt\/wp-json\/wp\/v2\/media?parent=3887"}],"wp:term":[{"taxonomy":"category","embeddable":true,"href":"https:\/\/www.cultivonslempathie.com\/pt\/wp-json\/wp\/v2\/categories?post=3887"},{"taxonomy":"post_tag","embeddable":true,"href":"https:\/\/www.cultivonslempathie.com\/pt\/wp-json\/wp\/v2\/tags?post=3887"}],"curies":[{"name":"wp","href":"https:\/\/api.w.org\/{rel}","templated":true}]}}