{"id":1555,"date":"2024-02-16T08:19:09","date_gmt":"2024-02-16T07:19:09","guid":{"rendered":"https:\/\/www.cultivonslempathie.com\/?p=1555"},"modified":"2024-04-10T08:56:40","modified_gmt":"2024-04-10T06:56:40","slug":"the-international-agenda-for-inclusive-safe-resilient-and-sustainable-cities","status":"publish","type":"post","link":"https:\/\/www.cultivonslempathie.com\/pt\/the-international-agenda-for-inclusive-safe-resilient-and-sustainable-cities\/","title":{"rendered":"A agenda internacional para cidades inclusivas, seguras, resilientes e sustent\u00e1veis"},"content":{"rendered":"<div data-elementor-type=\"wp-post\" data-elementor-id=\"1555\" class=\"elementor elementor-1555\" data-elementor-post-type=\"post\">\n\t\t\t\t\t\t<section class=\"elementor-section elementor-top-section elementor-element elementor-element-2e016958 elementor-section-full_width elementor-section-height-min-height ct-section-stretched elementor-section-height-default elementor-section-items-middle\" data-id=\"2e016958\" data-element_type=\"section\" data-e-type=\"section\" data-settings=\"{&quot;background_background&quot;:&quot;classic&quot;}\">\n\t\t\t\t\t\t<div class=\"elementor-container elementor-column-gap-default\">\n\t\t\t\t\t<div class=\"elementor-column elementor-col-100 elementor-top-column elementor-element elementor-element-2bf17e0\" data-id=\"2bf17e0\" data-element_type=\"column\" data-e-type=\"column\">\n\t\t\t<div class=\"elementor-widget-wrap\">\n\t\t\t\t\t\t\t<\/div>\n\t\t<\/div>\n\t\t\t\t\t<\/div>\n\t\t<\/section>\n\t\t\t\t<section class=\"elementor-section elementor-top-section elementor-element elementor-element-352b7b49 elementor-section-boxed elementor-section-height-default elementor-section-height-default\" data-id=\"352b7b49\" data-element_type=\"section\" data-e-type=\"section\">\n\t\t\t\t\t\t<div class=\"elementor-container elementor-column-gap-default\">\n\t\t\t\t\t<div class=\"elementor-column elementor-col-100 elementor-top-column elementor-element elementor-element-1dab84db\" data-id=\"1dab84db\" data-element_type=\"column\" data-e-type=\"column\">\n\t\t\t<div class=\"elementor-widget-wrap elementor-element-populated\">\n\t\t\t\t\t\t<div class=\"elementor-element elementor-element-35234826 elementor-align-center elementor-widget elementor-widget-button\" data-id=\"35234826\" data-element_type=\"widget\" data-e-type=\"widget\" data-widget_type=\"button.default\">\n\t\t\t\t<div class=\"elementor-widget-container\">\n\t\t\t\t\t\t\t\t\t<div class=\"elementor-button-wrapper\">\n\t\t\t\t\t<a class=\"elementor-button elementor-button-link elementor-size-sm\" href=\"https:\/\/www.cultivonslempathie.com\/pt\/category\/\">\n\t\t\t\t\t\t<span class=\"elementor-button-content-wrapper\">\n\t\t\t\t\t\t\t\t\t<span class=\"elementor-button-text\">Governa\u00e7\u00e3o Local<\/span>\n\t\t\t\t\t<\/span>\n\t\t\t\t\t<\/a>\n\t\t\t\t<\/div>\n\t\t\t\t\t\t\t\t<\/div>\n\t\t\t\t<\/div>\n\t\t\t\t<section class=\"elementor-section elementor-inner-section elementor-element elementor-element-78d3a08b elementor-section-boxed elementor-section-height-default elementor-section-height-default\" data-id=\"78d3a08b\" data-element_type=\"section\" data-e-type=\"section\">\n\t\t\t\t\t\t<div class=\"elementor-container elementor-column-gap-default\">\n\t\t\t\t\t<div class=\"elementor-column elementor-col-100 elementor-inner-column elementor-element elementor-element-468c5595\" data-id=\"468c5595\" data-element_type=\"column\" data-e-type=\"column\">\n\t\t\t<div class=\"elementor-widget-wrap elementor-element-populated\">\n\t\t\t\t\t\t<div class=\"elementor-element elementor-element-6b2d5e57 elementor-widget elementor-widget-heading\" data-id=\"6b2d5e57\" data-element_type=\"widget\" data-e-type=\"widget\" data-widget_type=\"heading.default\">\n\t\t\t\t<div class=\"elementor-widget-container\">\n\t\t\t\t\t<h2 class=\"elementor-heading-title elementor-size-default\">A agenda internacional para cidades inclusivas, seguras, resilientes e sustent\u00e1veis<\/h2>\t\t\t\t<\/div>\n\t\t\t\t<\/div>\n\t\t\t\t\t<\/div>\n\t\t<\/div>\n\t\t\t\t\t<\/div>\n\t\t<\/section>\n\t\t\t\t<div class=\"elementor-element elementor-element-56ad892b elementor-align-center elementor-widget elementor-widget-post-info\" data-id=\"56ad892b\" data-element_type=\"widget\" data-e-type=\"widget\" data-widget_type=\"post-info.default\">\n\t\t\t\t<div class=\"elementor-widget-container\">\n\t\t\t\t\t\t\t<ul class=\"elementor-inline-items elementor-icon-list-items elementor-post-info\">\n\t\t\t\t\t\t\t\t<li class=\"elementor-icon-list-item elementor-repeater-item-f6369e0 elementor-inline-item\" itemprop=\"datePublished\">\n\t\t\t\t\t\t<a href=\"https:\/\/www.cultivonslempathie.com\/pt\/2024\/02\/16\/\">\n\t\t\t\t\t\t\t\t\t\t\t<span class=\"elementor-icon-list-icon\">\n\t\t\t\t\t\t\t\t<svg aria-hidden=\"true\" class=\"e-font-icon-svg e-fas-calendar\" viewbox=\"0 0 448 512\" xmlns=\"http:\/\/www.w3.org\/2000\/svg\"><path d=\"M12 192h424c6.6 0 12 5.4 12 12v260c0 26.5-21.5 48-48 48H48c-26.5 0-48-21.5-48-48V204c0-6.6 5.4-12 12-12zm436-44v-36c0-26.5-21.5-48-48-48h-48V12c0-6.6-5.4-12-12-12h-40c-6.6 0-12 5.4-12 12v52H160V12c0-6.6-5.4-12-12-12h-40c-6.6 0-12 5.4-12 12v52H48C21.5 64 0 85.5 0 112v36c0 6.6 5.4 12 12 12h424c6.6 0 12-5.4 12-12z\"><\/path><\/svg>\t\t\t\t\t\t\t<\/span>\n\t\t\t\t\t\t\t\t\t<span class=\"elementor-icon-list-text elementor-post-info__item elementor-post-info__item--type-date\">\n\t\t\t\t\t\t\t\t\t\t<time>Fevereiro 16, 2024<\/time>\t\t\t\t\t<\/span>\n\t\t\t\t\t\t\t\t\t<\/a>\n\t\t\t\t<\/li>\n\t\t\t\t<\/ul>\n\t\t\t\t\t\t<\/div>\n\t\t\t\t<\/div>\n\t\t\t\t\t<\/div>\n\t\t<\/div>\n\t\t\t\t\t<\/div>\n\t\t<\/section>\n\t\t\t\t<section class=\"elementor-section elementor-top-section elementor-element elementor-element-3d83813d elementor-section-boxed elementor-section-height-default elementor-section-height-default\" data-id=\"3d83813d\" data-element_type=\"section\" data-e-type=\"section\">\n\t\t\t\t\t\t<div class=\"elementor-container elementor-column-gap-default\">\n\t\t\t\t\t<div class=\"elementor-column elementor-col-100 elementor-top-column elementor-element elementor-element-3d29a81e\" data-id=\"3d29a81e\" data-element_type=\"column\" data-e-type=\"column\">\n\t\t\t<div class=\"elementor-widget-wrap elementor-element-populated\">\n\t\t\t\t\t\t<div class=\"elementor-element elementor-element-1f0fbb79 elementor-widget elementor-widget-text-editor\" data-id=\"1f0fbb79\" data-element_type=\"widget\" data-e-type=\"widget\" data-widget_type=\"text-editor.default\">\n\t\t\t\t<div class=\"elementor-widget-container\">\n\t\t\t\t\t\t\t\t\t<p>O Objetivo de Desenvolvimento Sustent\u00e1vel (ODS) 11 <em>Tornar as cidades e os aglomerados humanos inclusivos, seguros, resilientes e sustent\u00e1veis<\/em> estabelece as ambi\u00e7\u00f5es e ac\u00e7\u00f5es necess\u00e1rias para resolver os principais problemas com que as cidades se deparam atualmente.<\/p><p><a href=\"https:\/\/www.cultivonslempathie.com\/wp-content\/uploads\/Ficha-2.1.-ODS-11-cidades.pdf\" target=\"_blank\" rel=\"noopener\"><em>V\u00ea a ficha informativa 2.1. Tornar as cidades e os aglomerados humanos inclusivos, seguros, resilientes e sustent\u00e1veis<\/em><\/a><\/p><p>Para al\u00e9m do ODS 11, a Declara\u00e7\u00e3o de Quito sobre Cidades Sustent\u00e1veis e Aglomerados Humanos para Todos inclui nove refer\u00eancias espec\u00edficas \u00e0s crian\u00e7as que se baseiam nos direitos da crian\u00e7a e nos direitos humanos, incluindo o reconhecimento de <strong>abordar as m\u00faltiplas formas de discrimina\u00e7\u00e3o<\/strong> enfrentados, nomeadamente, por mulheres e raparigas, crian\u00e7as e jovens e outros grupos de risco (par\u00e1grafo n.\u00ba 20), para <strong>promover <\/strong><strong>o acesso equitativo e a pre\u00e7os comport\u00e1veis a infra-estruturas f\u00edsicas e sociais de base sustent\u00e1veis para todos, sem discrimina\u00e7\u00e3o<\/strong> e garantir que <strong>os servi\u00e7os dispon\u00edveis respondem aos direitos e \u00e0s necessidades das mulheres, das crian\u00e7as e dos jovens <\/strong>(par\u00e1grafo 34), para <strong>promover um ambiente seguro, saud\u00e1vel, inclusivo e protegido nas cidades e aglomerados humanos <\/strong>e de trabalhar para a <strong>erradica\u00e7\u00e3o das <\/strong><strong>pr\u00e1ticas prejudiciais contra as mulheres e as raparigas<\/strong>, incluindo o casamento infantil, precoce e for\u00e7ado e a mutila\u00e7\u00e3o genital feminina (par\u00e1grafo n.\u00ba 39), <strong>ensuring the<\/strong> <strong>garantir a participa\u00e7\u00e3o das crian\u00e7as<\/strong> (par\u00e1grafos n\u00ba 42 e 148), melhorar a seguran\u00e7a rodovi\u00e1ria e promover a seguran\u00e7a dos pe\u00f5es e dos ciclistas, incluindo <strong>a desloca\u00e7\u00e3o segura e saud\u00e1vel de todas as crian\u00e7as para a escola como prioridade da mobilidade<\/strong> (par\u00e1grafo n\u00ba 113) e para apoiar a base de receitas p\u00fablicas (1).<\/p><p>(1) UN New Urban Agenda. Habitat III. Quito Declaration on Sustainable Cities and Human Settlements for All<\/p>\t\t\t\t\t\t\t\t<\/div>\n\t\t\t\t<\/div>\n\t\t\t\t\t<\/div>\n\t\t<\/div>\n\t\t\t\t\t<\/div>\n\t\t<\/section>\n\t\t<div class=\"elementor-element elementor-element-1d13608f e-flex e-con-boxed e-con e-parent\" data-id=\"1d13608f\" data-element_type=\"container\" data-e-type=\"container\">\n\t\t\t\t\t<div class=\"e-con-inner\">\n\t\t\t\t<div class=\"elementor-element elementor-element-72f688da elementor-view-default elementor-widget elementor-widget-icon\" data-id=\"72f688da\" data-element_type=\"widget\" data-e-type=\"widget\" data-widget_type=\"icon.default\">\n\t\t\t\t<div class=\"elementor-widget-container\">\n\t\t\t\t\t\t\t<div class=\"elementor-icon-wrapper\">\n\t\t\t<div class=\"elementor-icon\">\n\t\t\t<svg aria-hidden=\"true\" class=\"e-font-icon-svg e-fas-arrow-circle-down\" viewbox=\"0 0 512 512\" xmlns=\"http:\/\/www.w3.org\/2000\/svg\"><path d=\"M504 256c0 137-111 248-248 248S8 393 8 256 119 8 256 8s248 111 248 248zm-143.6-28.9L288 302.6V120c0-13.3-10.7-24-24-24h-16c-13.3 0-24 10.7-24 24v182.6l-72.4-75.5c-9.3-9.7-24.8-9.9-34.3-.4l-10.9 11c-9.4 9.4-9.4 24.6 0 33.9L239 404.3c9.4 9.4 24.6 9.4 33.9 0l132.7-132.7c9.4-9.4 9.4-24.6 0-33.9l-10.9-11c-9.5-9.5-25-9.3-34.3.4z\"><\/path><\/svg>\t\t\t<\/div>\n\t\t<\/div>\n\t\t\t\t\t\t<\/div>\n\t\t\t\t<\/div>\n\t\t\t\t\t<\/div>\n\t\t\t\t<\/div>\n\t\t<div class=\"elementor-element elementor-element-2855e94b e-con-full e-flex e-con e-parent\" data-id=\"2855e94b\" data-element_type=\"container\" data-e-type=\"container\" data-settings=\"{&quot;background_background&quot;:&quot;classic&quot;}\">\n\t\t\t\t<div class=\"elementor-element elementor-element-461a5367 elementor-widget elementor-widget-spacer\" data-id=\"461a5367\" data-element_type=\"widget\" data-e-type=\"widget\" data-widget_type=\"spacer.default\">\n\t\t\t\t<div class=\"elementor-widget-container\">\n\t\t\t\t\t\t\t<div class=\"elementor-spacer\">\n\t\t\t<div class=\"elementor-spacer-inner\"><\/div>\n\t\t<\/div>\n\t\t\t\t\t\t<\/div>\n\t\t\t\t<\/div>\n\t\t\t\t<div class=\"elementor-element elementor-element-29af58b7 elementor-grid-4 elementor-grid-tablet-2 elementor-grid-mobile-1 elementor-posts--thumbnail-top elementor-card-shadow-yes elementor-posts__hover-gradient elementor-widget elementor-widget-posts\" data-id=\"29af58b7\" data-element_type=\"widget\" data-e-type=\"widget\" data-settings=\"{&quot;cards_columns&quot;:&quot;4&quot;,&quot;cards_columns_tablet&quot;:&quot;2&quot;,&quot;cards_columns_mobile&quot;:&quot;1&quot;,&quot;cards_row_gap&quot;:{&quot;unit&quot;:&quot;px&quot;,&quot;size&quot;:35,&quot;sizes&quot;:[]},&quot;cards_row_gap_tablet&quot;:{&quot;unit&quot;:&quot;px&quot;,&quot;size&quot;:&quot;&quot;,&quot;sizes&quot;:[]},&quot;cards_row_gap_mobile&quot;:{&quot;unit&quot;:&quot;px&quot;,&quot;size&quot;:&quot;&quot;,&quot;sizes&quot;:[]}}\" data-widget_type=\"posts.cards\">\n\t\t\t\t<div class=\"elementor-widget-container\">\n\t\t\t\t\t\t\t<div class=\"elementor-posts-container elementor-posts elementor-posts--skin-cards elementor-grid\" role=\"list\">\n\t\t\t\t<article class=\"elementor-post elementor-grid-item post-1633 post type-post status-publish format-standard has-post-thumbnail hentry category-local-governance\" role=\"listitem\">\n\t\t\t<div class=\"elementor-post__card\">\n\t\t\t\t<a class=\"elementor-post__thumbnail__link\" href=\"https:\/\/www.cultivonslempathie.com\/pt\/why-is-evidence-important-and-how-to-best-use-it-2\/\" tabindex=\"-1\" ><div class=\"elementor-post__thumbnail\"><img fetchpriority=\"high\" decoding=\"async\" width=\"1024\" height=\"217\" src=\"https:\/\/www.cultivonslempathie.com\/wp-content\/uploads\/Planning-1-1024x217.jpg\" class=\"attachment-large size-large wp-image-1589\" alt=\"\" srcset=\"https:\/\/www.cultivonslempathie.com\/wp-content\/uploads\/Planning-1-1024x217.jpg 1024w, https:\/\/www.cultivonslempathie.com\/wp-content\/uploads\/Planning-1-300x63.jpg 300w, https:\/\/www.cultivonslempathie.com\/wp-content\/uploads\/Planning-1-768x162.jpg 768w, https:\/\/www.cultivonslempathie.com\/wp-content\/uploads\/Planning-1-1536x325.jpg 1536w, https:\/\/www.cultivonslempathie.com\/wp-content\/uploads\/Planning-1-2048x433.jpg 2048w, https:\/\/www.cultivonslempathie.com\/wp-content\/uploads\/Planning-1-18x4.jpg 18w, https:\/\/www.cultivonslempathie.com\/wp-content\/uploads\/Planning-1-600x127.jpg 600w\" sizes=\"(max-width: 1024px) 100vw, 1024px\" \/><\/div><\/a>\n\t\t\t\t<div class=\"elementor-post__badge\">Governa\u00e7\u00e3o Local<\/div>\n\t\t\t\t<div class=\"elementor-post__text\">\n\t\t\t\t<h3 class=\"elementor-post__title\">\n\t\t\t<a href=\"https:\/\/www.cultivonslempathie.com\/pt\/why-is-evidence-important-and-how-to-best-use-it-2\/\" >\n\t\t\t\tPorque \u00e9 que a evid\u00eancia cient\u00edfica \u00e9  importante e qual a melhor forma de a utilizar?\t\t\t<\/a>\n\t\t<\/h3>\n\t\t\t\t<\/div>\n\t\t\t\t<div class=\"elementor-post__meta-data\">\n\t\t\t\t\t<span class=\"elementor-post-date\">\n\t\t\t16\/02\/2024\t\t<\/span>\n\t\t\t\t<\/div>\n\t\t\t\t\t<\/div>\n\t\t<\/article>\n\t\t\t\t<article class=\"elementor-post elementor-grid-item post-1615 post type-post status-publish format-standard has-post-thumbnail hentry category-local-governance\" role=\"listitem\">\n\t\t\t<div class=\"elementor-post__card\">\n\t\t\t\t<a class=\"elementor-post__thumbnail__link\" href=\"https:\/\/www.cultivonslempathie.com\/pt\/my-work\/\" tabindex=\"-1\" ><div class=\"elementor-post__thumbnail\"><img decoding=\"async\" width=\"1024\" height=\"683\" src=\"https:\/\/www.cultivonslempathie.com\/wp-content\/uploads\/IMG_7819-1024x683.jpg\" class=\"attachment-large size-large wp-image-1618\" alt=\"\" srcset=\"https:\/\/www.cultivonslempathie.com\/wp-content\/uploads\/IMG_7819-1024x683.jpg 1024w, https:\/\/www.cultivonslempathie.com\/wp-content\/uploads\/IMG_7819-300x200.jpg 300w, https:\/\/www.cultivonslempathie.com\/wp-content\/uploads\/IMG_7819-768x512.jpg 768w, https:\/\/www.cultivonslempathie.com\/wp-content\/uploads\/IMG_7819-1536x1024.jpg 1536w, https:\/\/www.cultivonslempathie.com\/wp-content\/uploads\/IMG_7819-2048x1365.jpg 2048w, https:\/\/www.cultivonslempathie.com\/wp-content\/uploads\/IMG_7819-18x12.jpg 18w, https:\/\/www.cultivonslempathie.com\/wp-content\/uploads\/IMG_7819-600x400.jpg 600w\" sizes=\"(max-width: 1024px) 100vw, 1024px\" \/><\/div><\/a>\n\t\t\t\t<div class=\"elementor-post__badge\">Governa\u00e7\u00e3o Local<\/div>\n\t\t\t\t<div class=\"elementor-post__text\">\n\t\t\t\t<h3 class=\"elementor-post__title\">\n\t\t\t<a href=\"https:\/\/www.cultivonslempathie.com\/pt\/my-work\/\" >\n\t\t\t\tO meu trabalho\t\t\t<\/a>\n\t\t<\/h3>\n\t\t\t\t<\/div>\n\t\t\t\t<div class=\"elementor-post__meta-data\">\n\t\t\t\t\t<span class=\"elementor-post-date\">\n\t\t\t16\/02\/2024\t\t<\/span>\n\t\t\t\t<\/div>\n\t\t\t\t\t<\/div>\n\t\t<\/article>\n\t\t\t\t<article class=\"elementor-post elementor-grid-item post-1586 post type-post status-publish format-standard has-post-thumbnail hentry category-local-governance\" role=\"listitem\">\n\t\t\t<div class=\"elementor-post__card\">\n\t\t\t\t<a class=\"elementor-post__thumbnail__link\" href=\"https:\/\/www.cultivonslempathie.com\/pt\/implementing-child-friendly-governance\/\" tabindex=\"-1\" ><div class=\"elementor-post__thumbnail\"><img fetchpriority=\"high\" decoding=\"async\" width=\"1024\" height=\"217\" src=\"https:\/\/www.cultivonslempathie.com\/wp-content\/uploads\/Planning-1-1024x217.jpg\" class=\"attachment-large size-large wp-image-1589\" alt=\"\" srcset=\"https:\/\/www.cultivonslempathie.com\/wp-content\/uploads\/Planning-1-1024x217.jpg 1024w, https:\/\/www.cultivonslempathie.com\/wp-content\/uploads\/Planning-1-300x63.jpg 300w, https:\/\/www.cultivonslempathie.com\/wp-content\/uploads\/Planning-1-768x162.jpg 768w, https:\/\/www.cultivonslempathie.com\/wp-content\/uploads\/Planning-1-1536x325.jpg 1536w, https:\/\/www.cultivonslempathie.com\/wp-content\/uploads\/Planning-1-2048x433.jpg 2048w, https:\/\/www.cultivonslempathie.com\/wp-content\/uploads\/Planning-1-18x4.jpg 18w, https:\/\/www.cultivonslempathie.com\/wp-content\/uploads\/Planning-1-600x127.jpg 600w\" sizes=\"(max-width: 1024px) 100vw, 1024px\" \/><\/div><\/a>\n\t\t\t\t<div class=\"elementor-post__badge\">Governa\u00e7\u00e3o Local<\/div>\n\t\t\t\t<div class=\"elementor-post__text\">\n\t\t\t\t<h3 class=\"elementor-post__title\">\n\t\t\t<a href=\"https:\/\/www.cultivonslempathie.com\/pt\/implementing-child-friendly-governance\/\" >\n\t\t\t\tImplementar uma governa\u00e7\u00e3o amiga das crian\u00e7as\t\t\t<\/a>\n\t\t<\/h3>\n\t\t\t\t<\/div>\n\t\t\t\t<div class=\"elementor-post__meta-data\">\n\t\t\t\t\t<span class=\"elementor-post-date\">\n\t\t\t16\/02\/2024\t\t<\/span>\n\t\t\t\t<\/div>\n\t\t\t\t\t<\/div>\n\t\t<\/article>\n\t\t\t\t<article class=\"elementor-post elementor-grid-item post-1576 post type-post status-publish format-standard has-post-thumbnail hentry category-local-governance\" role=\"listitem\">\n\t\t\t<div class=\"elementor-post__card\">\n\t\t\t\t<a class=\"elementor-post__thumbnail__link\" href=\"https:\/\/www.cultivonslempathie.com\/pt\/what-are-some-of-the-issues-facing-urban-children-today\/\" tabindex=\"-1\" ><div class=\"elementor-post__thumbnail\"><img decoding=\"async\" width=\"1024\" height=\"683\" src=\"https:\/\/www.cultivonslempathie.com\/wp-content\/uploads\/IMG_4925-1024x683.jpg\" class=\"attachment-large size-large wp-image-1494\" alt=\"\" srcset=\"https:\/\/www.cultivonslempathie.com\/wp-content\/uploads\/IMG_4925-1024x683.jpg 1024w, https:\/\/www.cultivonslempathie.com\/wp-content\/uploads\/IMG_4925-300x200.jpg 300w, https:\/\/www.cultivonslempathie.com\/wp-content\/uploads\/IMG_4925-768x512.jpg 768w, https:\/\/www.cultivonslempathie.com\/wp-content\/uploads\/IMG_4925-1536x1024.jpg 1536w, https:\/\/www.cultivonslempathie.com\/wp-content\/uploads\/IMG_4925-2048x1365.jpg 2048w, https:\/\/www.cultivonslempathie.com\/wp-content\/uploads\/IMG_4925-18x12.jpg 18w, https:\/\/www.cultivonslempathie.com\/wp-content\/uploads\/IMG_4925-600x400.jpg 600w\" sizes=\"(max-width: 1024px) 100vw, 1024px\" \/><\/div><\/a>\n\t\t\t\t<div class=\"elementor-post__badge\">Governa\u00e7\u00e3o Local<\/div>\n\t\t\t\t<div class=\"elementor-post__text\">\n\t\t\t\t<h3 class=\"elementor-post__title\">\n\t\t\t<a href=\"https:\/\/www.cultivonslempathie.com\/pt\/what-are-some-of-the-issues-facing-urban-children-today\/\" >\n\t\t\t\tQuais s\u00e3o alguns dos problemas que as crian\u00e7as urbanas enfrentam atualmente?\t\t\t<\/a>\n\t\t<\/h3>\n\t\t\t\t<\/div>\n\t\t\t\t<div class=\"elementor-post__meta-data\">\n\t\t\t\t\t<span class=\"elementor-post-date\">\n\t\t\t16\/02\/2024\t\t<\/span>\n\t\t\t\t<\/div>\n\t\t\t\t\t<\/div>\n\t\t<\/article>\n\t\t\t\t<article class=\"elementor-post elementor-grid-item post-1555 post type-post status-publish format-standard has-post-thumbnail hentry category-local-governance\" role=\"listitem\">\n\t\t\t<div class=\"elementor-post__card\">\n\t\t\t\t<a class=\"elementor-post__thumbnail__link\" href=\"https:\/\/www.cultivonslempathie.com\/pt\/the-international-agenda-for-inclusive-safe-resilient-and-sustainable-cities\/\" tabindex=\"-1\" ><div class=\"elementor-post__thumbnail\"><img loading=\"lazy\" decoding=\"async\" width=\"1024\" height=\"683\" src=\"https:\/\/www.cultivonslempathie.com\/wp-content\/uploads\/IMG_3798-scaled.jpg\" class=\"attachment-large size-large wp-image-1559\" alt=\"\" srcset=\"https:\/\/www.cultivonslempathie.com\/wp-content\/uploads\/IMG_3798-scaled.jpg 2560w, https:\/\/www.cultivonslempathie.com\/wp-content\/uploads\/IMG_3798-300x200.jpg 300w\" sizes=\"(max-width: 1024px) 100vw, 1024px\" \/><\/div><\/a>\n\t\t\t\t<div class=\"elementor-post__badge\">Governa\u00e7\u00e3o Local<\/div>\n\t\t\t\t<div class=\"elementor-post__text\">\n\t\t\t\t<h3 class=\"elementor-post__title\">\n\t\t\t<a href=\"https:\/\/www.cultivonslempathie.com\/pt\/the-international-agenda-for-inclusive-safe-resilient-and-sustainable-cities\/\" >\n\t\t\t\tA agenda internacional para cidades inclusivas, seguras, resilientes e sustent\u00e1veis\t\t\t<\/a>\n\t\t<\/h3>\n\t\t\t\t<\/div>\n\t\t\t\t<div class=\"elementor-post__meta-data\">\n\t\t\t\t\t<span class=\"elementor-post-date\">\n\t\t\t16\/02\/2024\t\t<\/span>\n\t\t\t\t<\/div>\n\t\t\t\t\t<\/div>\n\t\t<\/article>\n\t\t\t\t<article class=\"elementor-post elementor-grid-item post-1540 post type-post status-publish format-standard has-post-thumbnail hentry category-local-governance\" role=\"listitem\">\n\t\t\t<div class=\"elementor-post__card\">\n\t\t\t\t<a class=\"elementor-post__thumbnail__link\" href=\"https:\/\/www.cultivonslempathie.com\/pt\/why-discussing-child-rights-at-local-level-matters\/\" tabindex=\"-1\" ><div class=\"elementor-post__thumbnail\"><img loading=\"lazy\" decoding=\"async\" width=\"1024\" height=\"461\" src=\"https:\/\/www.cultivonslempathie.com\/wp-content\/uploads\/Futebol-1024x461.jpg\" class=\"attachment-large size-large wp-image-1543\" alt=\"\" srcset=\"https:\/\/www.cultivonslempathie.com\/wp-content\/uploads\/Futebol-1024x461.jpg 1024w, https:\/\/www.cultivonslempathie.com\/wp-content\/uploads\/Futebol-300x135.jpg 300w, https:\/\/www.cultivonslempathie.com\/wp-content\/uploads\/Futebol-768x346.jpg 768w, https:\/\/www.cultivonslempathie.com\/wp-content\/uploads\/Futebol-18x8.jpg 18w, https:\/\/www.cultivonslempathie.com\/wp-content\/uploads\/Futebol-600x270.jpg 600w, https:\/\/www.cultivonslempathie.com\/wp-content\/uploads\/Futebol.jpg 1280w\" sizes=\"(max-width: 1024px) 100vw, 1024px\" \/><\/div><\/a>\n\t\t\t\t<div class=\"elementor-post__badge\">Governa\u00e7\u00e3o Local<\/div>\n\t\t\t\t<div class=\"elementor-post__text\">\n\t\t\t\t<h3 class=\"elementor-post__title\">\n\t\t\t<a href=\"https:\/\/www.cultivonslempathie.com\/pt\/why-discussing-child-rights-at-local-level-matters\/\" >\n\t\t\t\tPorque \u00e9 importante debater os direitos da crian\u00e7a a n\u00edvel local\t\t\t<\/a>\n\t\t<\/h3>\n\t\t\t\t<\/div>\n\t\t\t\t<div class=\"elementor-post__meta-data\">\n\t\t\t\t\t<span class=\"elementor-post-date\">\n\t\t\t16\/02\/2024\t\t<\/span>\n\t\t\t\t<\/div>\n\t\t\t\t\t<\/div>\n\t\t<\/article>\n\t\t\t\t<\/div>\n\t\t\n\t\t\t\t\t\t<\/div>\n\t\t\t\t<\/div>\n\t\t\t\t<div class=\"elementor-element elementor-element-466755c0 elementor-widget elementor-widget-spacer\" data-id=\"466755c0\" data-element_type=\"widget\" data-e-type=\"widget\" data-widget_type=\"spacer.default\">\n\t\t\t\t<div class=\"elementor-widget-container\">\n\t\t\t\t\t\t\t<div class=\"elementor-spacer\">\n\t\t\t<div class=\"elementor-spacer-inner\"><\/div>\n\t\t<\/div>\n\t\t\t\t\t\t<\/div>\n\t\t\t\t<\/div>\n\t\t\t\t<\/div>\n\t\t\t\t<\/div>","protected":false},"excerpt":{"rendered":"<p>Local governance Sustainable Development Goal (SDG) 11 Make cities and human settlements inclusive, safe, resilient and sustainable lays out the ambitions and actions necessary to<\/p>","protected":false},"author":2,"featured_media":1559,"comment_status":"closed","ping_status":"closed","sticky":false,"template":"elementor_header_footer","format":"standard","meta":{"inline_featured_image":false,"footnotes":""},"categories":[30],"tags":[],"class_list":["post-1555","post","type-post","status-publish","format-standard","has-post-thumbnail","hentry","category-local-governance"],"blocksy_meta":[],"yoast_head":"<!-- This site is optimized with the Yoast SEO plugin v27.5 - https:\/\/yoast.com\/product\/yoast-seo-wordpress\/ -->\n<title>The international agenda for inclusive, safe, resilient and sustainable cities - Cultivons l&#039;empathie<\/title>\n<meta name=\"robots\" content=\"index, follow, max-snippet:-1, max-image-preview:large, max-video-preview:-1\" \/>\n<link rel=\"canonical\" href=\"https:\/\/www.cultivonslempathie.com\/pt\/the-international-agenda-for-inclusive-safe-resilient-and-sustainable-cities\/\" \/>\n<meta property=\"og:locale\" content=\"pt_PT\" \/>\n<meta property=\"og:type\" content=\"article\" \/>\n<meta property=\"og:title\" content=\"The international agenda for inclusive, safe, resilient and sustainable cities - Cultivons l&#039;empathie\" \/>\n<meta property=\"og:description\" content=\"Local governance Sustainable Development Goal (SDG) 11 Make cities and human settlements inclusive, safe, resilient and sustainable lays out the ambitions and actions necessary to\" \/>\n<meta property=\"og:url\" content=\"https:\/\/www.cultivonslempathie.com\/pt\/the-international-agenda-for-inclusive-safe-resilient-and-sustainable-cities\/\" \/>\n<meta property=\"og:site_name\" content=\"Cultivons l&#039;empathie\" \/>\n<meta property=\"article:published_time\" content=\"2024-02-16T07:19:09+00:00\" \/>\n<meta property=\"article:modified_time\" content=\"2024-04-10T06:56:40+00:00\" \/>\n<meta property=\"og:image\" content=\"https:\/\/www.cultivonslempathie.com\/wp-content\/uploads\/IMG_3798-scaled.jpg\" \/>\n\t<meta property=\"og:image:width\" content=\"2560\" \/>\n\t<meta property=\"og:image:height\" content=\"1707\" \/>\n\t<meta property=\"og:image:type\" content=\"image\/jpeg\" \/>\n<meta name=\"author\" content=\"Ana\" \/>\n<meta name=\"twitter:card\" content=\"summary_large_image\" \/>\n<meta name=\"twitter:label1\" content=\"Escrito por\" \/>\n\t<meta name=\"twitter:data1\" content=\"Ana\" \/>\n\t<meta name=\"twitter:label2\" content=\"Tempo estimado de leitura\" \/>\n\t<meta name=\"twitter:data2\" content=\"3 minutos\" \/>\n<script type=\"application\/ld+json\" class=\"yoast-schema-graph\">{\"@context\":\"https:\\\/\\\/schema.org\",\"@graph\":[{\"@type\":\"Article\",\"@id\":\"https:\\\/\\\/www.cultivonslempathie.com\\\/the-international-agenda-for-inclusive-safe-resilient-and-sustainable-cities\\\/#article\",\"isPartOf\":{\"@id\":\"https:\\\/\\\/www.cultivonslempathie.com\\\/the-international-agenda-for-inclusive-safe-resilient-and-sustainable-cities\\\/\"},\"author\":{\"name\":\"Ana\",\"@id\":\"https:\\\/\\\/www.cultivonslempathie.com\\\/#\\\/schema\\\/person\\\/14a4090676a5d0d4144ae1fd73dc5d1a\"},\"headline\":\"The international agenda for inclusive, safe, resilient and sustainable cities\",\"datePublished\":\"2024-02-16T07:19:09+00:00\",\"dateModified\":\"2024-04-10T06:56:40+00:00\",\"mainEntityOfPage\":{\"@id\":\"https:\\\/\\\/www.cultivonslempathie.com\\\/the-international-agenda-for-inclusive-safe-resilient-and-sustainable-cities\\\/\"},\"wordCount\":238,\"publisher\":{\"@id\":\"https:\\\/\\\/www.cultivonslempathie.com\\\/#organization\"},\"image\":{\"@id\":\"https:\\\/\\\/www.cultivonslempathie.com\\\/the-international-agenda-for-inclusive-safe-resilient-and-sustainable-cities\\\/#primaryimage\"},\"thumbnailUrl\":\"https:\\\/\\\/www.cultivonslempathie.com\\\/wp-content\\\/uploads\\\/IMG_3798-scaled.jpg\",\"articleSection\":[\"Local Governance\"],\"inLanguage\":\"pt-PT\"},{\"@type\":\"WebPage\",\"@id\":\"https:\\\/\\\/www.cultivonslempathie.com\\\/the-international-agenda-for-inclusive-safe-resilient-and-sustainable-cities\\\/\",\"url\":\"https:\\\/\\\/www.cultivonslempathie.com\\\/the-international-agenda-for-inclusive-safe-resilient-and-sustainable-cities\\\/\",\"name\":\"The international agenda for inclusive, safe, resilient and sustainable cities - Cultivons l&#039;empathie\",\"isPartOf\":{\"@id\":\"https:\\\/\\\/www.cultivonslempathie.com\\\/#website\"},\"primaryImageOfPage\":{\"@id\":\"https:\\\/\\\/www.cultivonslempathie.com\\\/the-international-agenda-for-inclusive-safe-resilient-and-sustainable-cities\\\/#primaryimage\"},\"image\":{\"@id\":\"https:\\\/\\\/www.cultivonslempathie.com\\\/the-international-agenda-for-inclusive-safe-resilient-and-sustainable-cities\\\/#primaryimage\"},\"thumbnailUrl\":\"https:\\\/\\\/www.cultivonslempathie.com\\\/wp-content\\\/uploads\\\/IMG_3798-scaled.jpg\",\"datePublished\":\"2024-02-16T07:19:09+00:00\",\"dateModified\":\"2024-04-10T06:56:40+00:00\",\"breadcrumb\":{\"@id\":\"https:\\\/\\\/www.cultivonslempathie.com\\\/the-international-agenda-for-inclusive-safe-resilient-and-sustainable-cities\\\/#breadcrumb\"},\"inLanguage\":\"pt-PT\",\"potentialAction\":[{\"@type\":\"ReadAction\",\"target\":[\"https:\\\/\\\/www.cultivonslempathie.com\\\/the-international-agenda-for-inclusive-safe-resilient-and-sustainable-cities\\\/\"]}]},{\"@type\":\"ImageObject\",\"inLanguage\":\"pt-PT\",\"@id\":\"https:\\\/\\\/www.cultivonslempathie.com\\\/the-international-agenda-for-inclusive-safe-resilient-and-sustainable-cities\\\/#primaryimage\",\"url\":\"https:\\\/\\\/www.cultivonslempathie.com\\\/wp-content\\\/uploads\\\/IMG_3798-scaled.jpg\",\"contentUrl\":\"https:\\\/\\\/www.cultivonslempathie.com\\\/wp-content\\\/uploads\\\/IMG_3798-scaled.jpg\",\"width\":2560,\"height\":1707},{\"@type\":\"BreadcrumbList\",\"@id\":\"https:\\\/\\\/www.cultivonslempathie.com\\\/the-international-agenda-for-inclusive-safe-resilient-and-sustainable-cities\\\/#breadcrumb\",\"itemListElement\":[{\"@type\":\"ListItem\",\"position\":1,\"name\":\"Home\",\"item\":\"https:\\\/\\\/www.cultivonslempathie.com\\\/\"},{\"@type\":\"ListItem\",\"position\":2,\"name\":\"The international agenda for inclusive, safe, resilient and sustainable cities\"}]},{\"@type\":\"WebSite\",\"@id\":\"https:\\\/\\\/www.cultivonslempathie.com\\\/#website\",\"url\":\"https:\\\/\\\/www.cultivonslempathie.com\\\/\",\"name\":\"Cultivons l&#039;empathie\",\"description\":\"\",\"publisher\":{\"@id\":\"https:\\\/\\\/www.cultivonslempathie.com\\\/#organization\"},\"potentialAction\":[{\"@type\":\"SearchAction\",\"target\":{\"@type\":\"EntryPoint\",\"urlTemplate\":\"https:\\\/\\\/www.cultivonslempathie.com\\\/?s={search_term_string}\"},\"query-input\":{\"@type\":\"PropertyValueSpecification\",\"valueRequired\":true,\"valueName\":\"search_term_string\"}}],\"inLanguage\":\"pt-PT\"},{\"@type\":\"Organization\",\"@id\":\"https:\\\/\\\/www.cultivonslempathie.com\\\/#organization\",\"name\":\"Cultivons l&#039;empathie\",\"url\":\"https:\\\/\\\/www.cultivonslempathie.com\\\/\",\"logo\":{\"@type\":\"ImageObject\",\"inLanguage\":\"pt-PT\",\"@id\":\"https:\\\/\\\/www.cultivonslempathie.com\\\/#\\\/schema\\\/logo\\\/image\\\/\",\"url\":\"https:\\\/\\\/www.cultivonslempathie.com\\\/wp-content\\\/uploads\\\/logo-cultivonslempathie.svg\",\"contentUrl\":\"https:\\\/\\\/www.cultivonslempathie.com\\\/wp-content\\\/uploads\\\/logo-cultivonslempathie.svg\",\"width\":600,\"height\":600,\"caption\":\"Cultivons l&#039;empathie\"},\"image\":{\"@id\":\"https:\\\/\\\/www.cultivonslempathie.com\\\/#\\\/schema\\\/logo\\\/image\\\/\"}},{\"@type\":\"Person\",\"@id\":\"https:\\\/\\\/www.cultivonslempathie.com\\\/#\\\/schema\\\/person\\\/14a4090676a5d0d4144ae1fd73dc5d1a\",\"name\":\"Ana\",\"image\":{\"@type\":\"ImageObject\",\"inLanguage\":\"pt-PT\",\"@id\":\"https:\\\/\\\/secure.gravatar.com\\\/avatar\\\/0cd9bf5f403d8ed612ebe2cc1f3d9b973c803d360749b53e8f0d99d70d8ab5b3?s=96&d=mm&r=g\",\"url\":\"https:\\\/\\\/secure.gravatar.com\\\/avatar\\\/0cd9bf5f403d8ed612ebe2cc1f3d9b973c803d360749b53e8f0d99d70d8ab5b3?s=96&d=mm&r=g\",\"contentUrl\":\"https:\\\/\\\/secure.gravatar.com\\\/avatar\\\/0cd9bf5f403d8ed612ebe2cc1f3d9b973c803d360749b53e8f0d99d70d8ab5b3?s=96&d=mm&r=g\",\"caption\":\"Ana\"},\"url\":\"https:\\\/\\\/www.cultivonslempathie.com\\\/pt\\\/author\\\/ana\\\/\"}]}<\/script>\n<!-- \/ Yoast SEO plugin. -->","yoast_head_json":{"title":"The international agenda for inclusive, safe, resilient and sustainable cities - Cultivons l&#039;empathie","robots":{"index":"index","follow":"follow","max-snippet":"max-snippet:-1","max-image-preview":"max-image-preview:large","max-video-preview":"max-video-preview:-1"},"canonical":"https:\/\/www.cultivonslempathie.com\/pt\/the-international-agenda-for-inclusive-safe-resilient-and-sustainable-cities\/","og_locale":"pt_PT","og_type":"article","og_title":"The international agenda for inclusive, safe, resilient and sustainable cities - Cultivons l&#039;empathie","og_description":"Local governance Sustainable Development Goal (SDG) 11 Make cities and human settlements inclusive, safe, resilient and sustainable lays out the ambitions and actions necessary to","og_url":"https:\/\/www.cultivonslempathie.com\/pt\/the-international-agenda-for-inclusive-safe-resilient-and-sustainable-cities\/","og_site_name":"Cultivons l&#039;empathie","article_published_time":"2024-02-16T07:19:09+00:00","article_modified_time":"2024-04-10T06:56:40+00:00","og_image":[{"width":2560,"height":1707,"url":"https:\/\/www.cultivonslempathie.com\/wp-content\/uploads\/IMG_3798-scaled.jpg","type":"image\/jpeg"}],"author":"Ana","twitter_card":"summary_large_image","twitter_misc":{"Escrito por":"Ana","Tempo estimado de leitura":"3 minutos"},"schema":{"@context":"https:\/\/schema.org","@graph":[{"@type":"Article","@id":"https:\/\/www.cultivonslempathie.com\/the-international-agenda-for-inclusive-safe-resilient-and-sustainable-cities\/#article","isPartOf":{"@id":"https:\/\/www.cultivonslempathie.com\/the-international-agenda-for-inclusive-safe-resilient-and-sustainable-cities\/"},"author":{"name":"Ana","@id":"https:\/\/www.cultivonslempathie.com\/#\/schema\/person\/14a4090676a5d0d4144ae1fd73dc5d1a"},"headline":"The international agenda for inclusive, safe, resilient and sustainable cities","datePublished":"2024-02-16T07:19:09+00:00","dateModified":"2024-04-10T06:56:40+00:00","mainEntityOfPage":{"@id":"https:\/\/www.cultivonslempathie.com\/the-international-agenda-for-inclusive-safe-resilient-and-sustainable-cities\/"},"wordCount":238,"publisher":{"@id":"https:\/\/www.cultivonslempathie.com\/#organization"},"image":{"@id":"https:\/\/www.cultivonslempathie.com\/the-international-agenda-for-inclusive-safe-resilient-and-sustainable-cities\/#primaryimage"},"thumbnailUrl":"https:\/\/www.cultivonslempathie.com\/wp-content\/uploads\/IMG_3798-scaled.jpg","articleSection":["Local Governance"],"inLanguage":"pt-PT"},{"@type":"WebPage","@id":"https:\/\/www.cultivonslempathie.com\/the-international-agenda-for-inclusive-safe-resilient-and-sustainable-cities\/","url":"https:\/\/www.cultivonslempathie.com\/the-international-agenda-for-inclusive-safe-resilient-and-sustainable-cities\/","name":"The international agenda for inclusive, safe, resilient and sustainable cities - Cultivons l&#039;empathie","isPartOf":{"@id":"https:\/\/www.cultivonslempathie.com\/#website"},"primaryImageOfPage":{"@id":"https:\/\/www.cultivonslempathie.com\/the-international-agenda-for-inclusive-safe-resilient-and-sustainable-cities\/#primaryimage"},"image":{"@id":"https:\/\/www.cultivonslempathie.com\/the-international-agenda-for-inclusive-safe-resilient-and-sustainable-cities\/#primaryimage"},"thumbnailUrl":"https:\/\/www.cultivonslempathie.com\/wp-content\/uploads\/IMG_3798-scaled.jpg","datePublished":"2024-02-16T07:19:09+00:00","dateModified":"2024-04-10T06:56:40+00:00","breadcrumb":{"@id":"https:\/\/www.cultivonslempathie.com\/the-international-agenda-for-inclusive-safe-resilient-and-sustainable-cities\/#breadcrumb"},"inLanguage":"pt-PT","potentialAction":[{"@type":"ReadAction","target":["https:\/\/www.cultivonslempathie.com\/the-international-agenda-for-inclusive-safe-resilient-and-sustainable-cities\/"]}]},{"@type":"ImageObject","inLanguage":"pt-PT","@id":"https:\/\/www.cultivonslempathie.com\/the-international-agenda-for-inclusive-safe-resilient-and-sustainable-cities\/#primaryimage","url":"https:\/\/www.cultivonslempathie.com\/wp-content\/uploads\/IMG_3798-scaled.jpg","contentUrl":"https:\/\/www.cultivonslempathie.com\/wp-content\/uploads\/IMG_3798-scaled.jpg","width":2560,"height":1707},{"@type":"BreadcrumbList","@id":"https:\/\/www.cultivonslempathie.com\/the-international-agenda-for-inclusive-safe-resilient-and-sustainable-cities\/#breadcrumb","itemListElement":[{"@type":"ListItem","position":1,"name":"Home","item":"https:\/\/www.cultivonslempathie.com\/"},{"@type":"ListItem","position":2,"name":"The international agenda for inclusive, safe, resilient and sustainable cities"}]},{"@type":"WebSite","@id":"https:\/\/www.cultivonslempathie.com\/#website","url":"https:\/\/www.cultivonslempathie.com\/","name":"Cultivons l&#039;empathie","description":"","publisher":{"@id":"https:\/\/www.cultivonslempathie.com\/#organization"},"potentialAction":[{"@type":"SearchAction","target":{"@type":"EntryPoint","urlTemplate":"https:\/\/www.cultivonslempathie.com\/?s={search_term_string}"},"query-input":{"@type":"PropertyValueSpecification","valueRequired":true,"valueName":"search_term_string"}}],"inLanguage":"pt-PT"},{"@type":"Organization","@id":"https:\/\/www.cultivonslempathie.com\/#organization","name":"Cultivons l&#039;empathie","url":"https:\/\/www.cultivonslempathie.com\/","logo":{"@type":"ImageObject","inLanguage":"pt-PT","@id":"https:\/\/www.cultivonslempathie.com\/#\/schema\/logo\/image\/","url":"https:\/\/www.cultivonslempathie.com\/wp-content\/uploads\/logo-cultivonslempathie.svg","contentUrl":"https:\/\/www.cultivonslempathie.com\/wp-content\/uploads\/logo-cultivonslempathie.svg","width":600,"height":600,"caption":"Cultivons l&#039;empathie"},"image":{"@id":"https:\/\/www.cultivonslempathie.com\/#\/schema\/logo\/image\/"}},{"@type":"Person","@id":"https:\/\/www.cultivonslempathie.com\/#\/schema\/person\/14a4090676a5d0d4144ae1fd73dc5d1a","name":"Ana","image":{"@type":"ImageObject","inLanguage":"pt-PT","@id":"https:\/\/secure.gravatar.com\/avatar\/0cd9bf5f403d8ed612ebe2cc1f3d9b973c803d360749b53e8f0d99d70d8ab5b3?s=96&d=mm&r=g","url":"https:\/\/secure.gravatar.com\/avatar\/0cd9bf5f403d8ed612ebe2cc1f3d9b973c803d360749b53e8f0d99d70d8ab5b3?s=96&d=mm&r=g","contentUrl":"https:\/\/secure.gravatar.com\/avatar\/0cd9bf5f403d8ed612ebe2cc1f3d9b973c803d360749b53e8f0d99d70d8ab5b3?s=96&d=mm&r=g","caption":"Ana"},"url":"https:\/\/www.cultivonslempathie.com\/pt\/author\/ana\/"}]}},"_links":{"self":[{"href":"https:\/\/www.cultivonslempathie.com\/pt\/wp-json\/wp\/v2\/posts\/1555","targetHints":{"allow":["GET"]}}],"collection":[{"href":"https:\/\/www.cultivonslempathie.com\/pt\/wp-json\/wp\/v2\/posts"}],"about":[{"href":"https:\/\/www.cultivonslempathie.com\/pt\/wp-json\/wp\/v2\/types\/post"}],"author":[{"embeddable":true,"href":"https:\/\/www.cultivonslempathie.com\/pt\/wp-json\/wp\/v2\/users\/2"}],"replies":[{"embeddable":true,"href":"https:\/\/www.cultivonslempathie.com\/pt\/wp-json\/wp\/v2\/comments?post=1555"}],"version-history":[{"count":31,"href":"https:\/\/www.cultivonslempathie.com\/pt\/wp-json\/wp\/v2\/posts\/1555\/revisions"}],"predecessor-version":[{"id":2954,"href":"https:\/\/www.cultivonslempathie.com\/pt\/wp-json\/wp\/v2\/posts\/1555\/revisions\/2954"}],"wp:featuredmedia":[{"embeddable":true,"href":"https:\/\/www.cultivonslempathie.com\/pt\/wp-json\/wp\/v2\/media\/1559"}],"wp:attachment":[{"href":"https:\/\/www.cultivonslempathie.com\/pt\/wp-json\/wp\/v2\/media?parent=1555"}],"wp:term":[{"taxonomy":"category","embeddable":true,"href":"https:\/\/www.cultivonslempathie.com\/pt\/wp-json\/wp\/v2\/categories?post=1555"},{"taxonomy":"post_tag","embeddable":true,"href":"https:\/\/www.cultivonslempathie.com\/pt\/wp-json\/wp\/v2\/tags?post=1555"}],"curies":[{"name":"wp","href":"https:\/\/api.w.org\/{rel}","templated":true}]}}